{"id":13727,"date":"2019-08-26T20:09:56","date_gmt":"2019-08-26T20:09:56","guid":{"rendered":"http:\/\/blogdorogeriogomes.com.br\/?p=13727"},"modified":"2019-08-26T20:09:56","modified_gmt":"2019-08-26T20:09:56","slug":"campanha-fortaleza-liquida-tera-descontos-de-ate-70-em-lojas-da-capital","status":"publish","type":"post","link":"https:\/\/blogdorogeriogomes.com.br\/noticias\/2019\/08\/campanha-fortaleza-liquida-tera-descontos-de-ate-70-em-lojas-da-capital\/","title":{"rendered":"Campanha Fortaleza Liquida ter\u00e1 descontos de at\u00e9 70% em lojas da Capital"},"content":{"rendered":"<p><img loading=\"lazy\" decoding=\"async\" class=\"alignnone size-medium wp-image-13728\" src=\"http:\/\/blogdorogeriogomes.com.br\/wp-content\/uploads\/2019\/08\/IMG_20190826_170610_694-300x300.jpg\" alt=\"IMG_20190826_170610_694\" width=\"300\" height=\"300\" srcset=\"https:\/\/blogdorogeriogomes.com.br\/noticias\/wp-content\/uploads\/2019\/08\/IMG_20190826_170610_694-300x300.jpg 300w, https:\/\/blogdorogeriogomes.com.br\/noticias\/wp-content\/uploads\/2019\/08\/IMG_20190826_170610_694-150x150.jpg 150w, https:\/\/blogdorogeriogomes.com.br\/noticias\/wp-content\/uploads\/2019\/08\/IMG_20190826_170610_694.jpg 320w\" sizes=\"auto, (max-width: 300px) 100vw, 300px\" \/><\/p>\n<p>A C\u00e2mara de Dirigentes Lojistas da Capital anuncia a 10\u00aa edi\u00e7\u00e3o da Campanha Fortaleza Liquida para o per\u00edodo de 30 de agosto a 9 de setembro, com uma perspectiva de faturamento em torno de R$ 225 milh\u00f5es de reais. Cerca de cinco mil estabelecimentos da Capital e Regi\u00e3o Metropolitana participam da promo\u00e7\u00e3o. Ser\u00e3o 11 dias de liquida\u00e7\u00e3o no com\u00e9rcio.<br \/>\nO presidente da CDL Fortaleza, Assis Cavalcante, aposta num crescimento de at\u00e9 3% nas vendas no Centro, corredores comerciais em v\u00e1rios bairros e shoppings de Fortaleza. Clientes das lojas participantes ir\u00e3o concorrer a pr\u00eamios que incluem um autom\u00f3vel Toyota Corolla, uma moto Honda e tr\u00eas caminh\u00f5es carregados de pr\u00eamios.<\/p>\n","protected":false},"excerpt":{"rendered":"<p>A C\u00e2mara de Dirigentes Lojistas da Capital anuncia a 10\u00aa edi\u00e7\u00e3o da Campanha Fortaleza Liquida para o per\u00edodo de 30 de agosto a 9 de setembro, com uma perspectiva de faturamento em torno de R$ 225 milh\u00f5es de reais. Cerca de cinco mil estabelecimentos da Capital e Regi\u00e3o Metropolitana participam da promo\u00e7\u00e3o. Ser\u00e3o 11 dias de liquida\u00e7\u00e3o no com\u00e9rcio. O presidente da CDL Fortaleza, Assis Cavalcante, aposta num crescimento de at\u00e9 3% nas vendas no Centro, corredores comerciais em&hellip;<\/p>\n","protected":false},"author":1,"featured_media":0,"comment_status":"open","ping_status":"open","sticky":false,"template":"","format":"standard","meta":{"footnotes":""},"categories":[1],"tags":[],"class_list":["post-13727","post","type-post","status-publish","format-standard","hentry","category-noticias"],"_links":{"self":[{"href":"https:\/\/blogdorogeriogomes.com.br\/noticias\/wp-json\/wp\/v2\/posts\/13727","targetHints":{"allow":["GET"]}}],"collection":[{"href":"https:\/\/blogdorogeriogomes.com.br\/noticias\/wp-json\/wp\/v2\/posts"}],"about":[{"href":"https:\/\/blogdorogeriogomes.com.br\/noticias\/wp-json\/wp\/v2\/types\/post"}],"author":[{"embeddable":true,"href":"https:\/\/blogdorogeriogomes.com.br\/noticias\/wp-json\/wp\/v2\/users\/1"}],"replies":[{"embeddable":true,"href":"https:\/\/blogdorogeriogomes.com.br\/noticias\/wp-json\/wp\/v2\/comments?post=13727"}],"version-history":[{"count":1,"href":"https:\/\/blogdorogeriogomes.com.br\/noticias\/wp-json\/wp\/v2\/posts\/13727\/revisions"}],"predecessor-version":[{"id":13729,"href":"https:\/\/blogdorogeriogomes.com.br\/noticias\/wp-json\/wp\/v2\/posts\/13727\/revisions\/13729"}],"wp:attachment":[{"href":"https:\/\/blogdorogeriogomes.com.br\/noticias\/wp-json\/wp\/v2\/media?parent=13727"}],"wp:term":[{"taxonomy":"category","embeddable":true,"href":"https:\/\/blogdorogeriogomes.com.br\/noticias\/wp-json\/wp\/v2\/categories?post=13727"},{"taxonomy":"post_tag","embeddable":true,"href":"https:\/\/blogdorogeriogomes.com.br\/noticias\/wp-json\/wp\/v2\/tags?post=13727"}],"curies":[{"name":"wp","href":"https:\/\/api.w.org\/{rel}","templated":true}]}}