{"id":13730,"date":"2019-08-26T22:41:19","date_gmt":"2019-08-26T22:41:19","guid":{"rendered":"http:\/\/blogdorogeriogomes.com.br\/?p=13730"},"modified":"2019-08-26T22:41:19","modified_gmt":"2019-08-26T22:41:19","slug":"politica-ambiental-equivocada-tambem-tem-ajudado-na-queda-de-popularidade-de-bolsonaro","status":"publish","type":"post","link":"https:\/\/blogdorogeriogomes.com.br\/noticias\/2019\/08\/politica-ambiental-equivocada-tambem-tem-ajudado-na-queda-de-popularidade-de-bolsonaro\/","title":{"rendered":"Pol\u00edtica ambiental equivocada tamb\u00e9m tem ajudado na queda de popularidade de Bolsonaro"},"content":{"rendered":"<p><img loading=\"lazy\" decoding=\"async\" class=\"alignnone size-medium wp-image-13731\" src=\"http:\/\/blogdorogeriogomes.com.br\/wp-content\/uploads\/2019\/08\/IMG_20190826_193747_386-300x244.jpg\" alt=\"IMG_20190826_193747_386\" width=\"300\" height=\"244\" srcset=\"https:\/\/blogdorogeriogomes.com.br\/noticias\/wp-content\/uploads\/2019\/08\/IMG_20190826_193747_386-300x244.jpg 300w, https:\/\/blogdorogeriogomes.com.br\/noticias\/wp-content\/uploads\/2019\/08\/IMG_20190826_193747_386.jpg 556w\" sizes=\"auto, (max-width: 300px) 100vw, 300px\" \/><\/p>\n<p>A pol\u00edtica ambiental do Governo Bolsonaro causa estragos na rela\u00e7\u00e3o com outros pa\u00edses, mas tamb\u00e9m atinge diretamente a popularidade do atual presidente. Na sexta-feira passada, dia 23 de agosto, houve panela\u00e7o em v\u00e1rias capitais brasileiras quando Bolsonaro tentava explicar o descaso com a Amaz\u00f4nia. Nesta segunda-feira, dia 26, pesquisa do instituto MDA em parceria com a Confedera\u00e7\u00e3o Nacional do Transporte (CNT) revela que 93,5% dos entrevistados consideram a preserva\u00e7\u00e3o do meio ambiente muito importante, outros 5,5% acham pouco importante o tema. Apenas 0,5% n\u00e3o acredita ser importante conservar a natureza.<br \/>\nNa avalia\u00e7\u00e3o de Bolsonaro, 39,5% dos entrevistados classificam o Governo como ruim ou p\u00e9ssimo. Em fevereiro, este \u00edndice era de 19%. Houve uma eleva\u00e7\u00e3o de pouco mais de 20 pontos percentuais em seis meses.<br \/>\nAgora, todos querem encontrar culpados pelo inc\u00eandio na Amaz\u00f4nia. Mas o desmonte na fiscaliza\u00e7\u00e3o do Ibama vem sendo denunciado h\u00e1 tempos. O Governo Federal foi informado oficialmente em 7 de agosto, tr\u00eas dias antes do &#8220;Dia do Fogo&#8221; articulado por fazendeiros, agricultores e grileiros do Par\u00e1, que os inc\u00eandios iriam come\u00e7ar. O Minist\u00e9rio P\u00fablico Federal do Par\u00e1 enviou um of\u00edcio ao Ibama, \u00f3rg\u00e3o do Minist\u00e9rio do Meio Ambiente, alertando para o ato criminoso, sem qualquer rea\u00e7\u00e3o do governo. Vamos esperar no que vai dar essa investiga\u00e7\u00e3o, que agora tem \u00e0 frente a Pol\u00edcia Federal.<\/p>\n","protected":false},"excerpt":{"rendered":"<p>A pol\u00edtica ambiental do Governo Bolsonaro causa estragos na rela\u00e7\u00e3o com outros pa\u00edses, mas tamb\u00e9m atinge diretamente a popularidade do atual presidente. Na sexta-feira passada, dia 23 de agosto, houve panela\u00e7o em v\u00e1rias capitais brasileiras quando Bolsonaro tentava explicar o descaso com a Amaz\u00f4nia. Nesta segunda-feira, dia 26, pesquisa do instituto MDA em parceria com a Confedera\u00e7\u00e3o Nacional do Transporte (CNT) revela que 93,5% dos entrevistados consideram a preserva\u00e7\u00e3o do meio ambiente muito importante, outros 5,5% acham pouco importante&hellip;<\/p>\n","protected":false},"author":1,"featured_media":0,"comment_status":"open","ping_status":"open","sticky":false,"template":"","format":"standard","meta":{"footnotes":""},"categories":[1],"tags":[],"class_list":["post-13730","post","type-post","status-publish","format-standard","hentry","category-noticias"],"_links":{"self":[{"href":"https:\/\/blogdorogeriogomes.com.br\/noticias\/wp-json\/wp\/v2\/posts\/13730","targetHints":{"allow":["GET"]}}],"collection":[{"href":"https:\/\/blogdorogeriogomes.com.br\/noticias\/wp-json\/wp\/v2\/posts"}],"about":[{"href":"https:\/\/blogdorogeriogomes.com.br\/noticias\/wp-json\/wp\/v2\/types\/post"}],"author":[{"embeddable":true,"href":"https:\/\/blogdorogeriogomes.com.br\/noticias\/wp-json\/wp\/v2\/users\/1"}],"replies":[{"embeddable":true,"href":"https:\/\/blogdorogeriogomes.com.br\/noticias\/wp-json\/wp\/v2\/comments?post=13730"}],"version-history":[{"count":1,"href":"https:\/\/blogdorogeriogomes.com.br\/noticias\/wp-json\/wp\/v2\/posts\/13730\/revisions"}],"predecessor-version":[{"id":13732,"href":"https:\/\/blogdorogeriogomes.com.br\/noticias\/wp-json\/wp\/v2\/posts\/13730\/revisions\/13732"}],"wp:attachment":[{"href":"https:\/\/blogdorogeriogomes.com.br\/noticias\/wp-json\/wp\/v2\/media?parent=13730"}],"wp:term":[{"taxonomy":"category","embeddable":true,"href":"https:\/\/blogdorogeriogomes.com.br\/noticias\/wp-json\/wp\/v2\/categories?post=13730"},{"taxonomy":"post_tag","embeddable":true,"href":"https:\/\/blogdorogeriogomes.com.br\/noticias\/wp-json\/wp\/v2\/tags?post=13730"}],"curies":[{"name":"wp","href":"https:\/\/api.w.org\/{rel}","templated":true}]}}