{"id":13733,"date":"2019-08-27T09:12:23","date_gmt":"2019-08-27T09:12:23","guid":{"rendered":"http:\/\/blogdorogeriogomes.com.br\/?p=13733"},"modified":"2019-08-27T09:12:23","modified_gmt":"2019-08-27T09:12:23","slug":"camilo-santana-sanciona-projeto-que-equipara-salario-de-professores-cearenses-ao-piso-nacional","status":"publish","type":"post","link":"https:\/\/blogdorogeriogomes.com.br\/noticias\/2019\/08\/camilo-santana-sanciona-projeto-que-equipara-salario-de-professores-cearenses-ao-piso-nacional\/","title":{"rendered":"Camilo Santana sanciona projeto que equipara sal\u00e1rio de professores cearenses ao Piso Nacional"},"content":{"rendered":"<p><img loading=\"lazy\" decoding=\"async\" class=\"alignnone size-medium wp-image-13734\" src=\"http:\/\/blogdorogeriogomes.com.br\/wp-content\/uploads\/2019\/08\/IMG_20190827_060659_716-300x248.jpg\" alt=\"IMG_20190827_060659_716\" width=\"300\" height=\"248\" srcset=\"https:\/\/blogdorogeriogomes.com.br\/noticias\/wp-content\/uploads\/2019\/08\/IMG_20190827_060659_716-300x248.jpg 300w, https:\/\/blogdorogeriogomes.com.br\/noticias\/wp-content\/uploads\/2019\/08\/IMG_20190827_060659_716-768x636.jpg 768w, https:\/\/blogdorogeriogomes.com.br\/noticias\/wp-content\/uploads\/2019\/08\/IMG_20190827_060659_716.jpg 966w\" sizes=\"auto, (max-width: 300px) 100vw, 300px\" \/><\/p>\n<p>O projeto de lei que reajustou o sal\u00e1rio dos professores da rede estadual em 2019 foi sancionado pelo governador do Cear\u00e1, Camilo Santana, nesta segunda-feira, dia 26 de agosto. O projeto de lei complementar reestrutura o sistema remunerat\u00f3rio dos profissionais de n\u00edvel superior do Grupo Ocupacional Magist\u00e9rio da Educa\u00e7\u00e3o B\u00e1sica. A mat\u00e9ria foi aprovada na Assembleia Legislativa no \u00faltimo dia 14 de agosto e prev\u00ea o aumento salarial que permitir\u00e1 equiparar o sal\u00e1rio dos professores ao Piso Nacional do Magist\u00e9rio.<br \/>\nO reajuste de 4,17% \u00e9 retroativo a 1\u00b0 de janeiro deste ano. Assim, deve ser quitado at\u00e9 o final do exerc\u00edcio de 2020, conforme cronograma elaborado pelas secretarias do Planejamento e Gest\u00e3o (Seplag) e da Educa\u00e7\u00e3o (Seduc),<br \/>\nConfira como ficou a tabela de gratifica\u00e7\u00f5es: para ocupantes de cargos e fun\u00e7\u00f5es de especialistas em Educa\u00e7\u00e3o B\u00e1sica de n\u00edvel superior, passa a vigorar no percentual de 17,70% sobre o vencimento base; 27,76% para os detentores de t\u00edtulos de Licenciatura Plena; 32,79% para aqueles com t\u00edtulos de especialista; 37,82% os profissionais com t\u00edtulos de mestre, e 57,94% aos professores com t\u00edtulos de Doutor.<\/p>\n","protected":false},"excerpt":{"rendered":"<p>O projeto de lei que reajustou o sal\u00e1rio dos professores da rede estadual em 2019 foi sancionado pelo governador do Cear\u00e1, Camilo Santana, nesta segunda-feira, dia 26 de agosto. O projeto de lei complementar reestrutura o sistema remunerat\u00f3rio dos profissionais de n\u00edvel superior do Grupo Ocupacional Magist\u00e9rio da Educa\u00e7\u00e3o B\u00e1sica. A mat\u00e9ria foi aprovada na Assembleia Legislativa no \u00faltimo dia 14 de agosto e prev\u00ea o aumento salarial que permitir\u00e1 equiparar o sal\u00e1rio dos professores ao Piso Nacional do&hellip;<\/p>\n","protected":false},"author":1,"featured_media":0,"comment_status":"open","ping_status":"open","sticky":false,"template":"","format":"standard","meta":{"footnotes":""},"categories":[1],"tags":[],"class_list":["post-13733","post","type-post","status-publish","format-standard","hentry","category-noticias"],"_links":{"self":[{"href":"https:\/\/blogdorogeriogomes.com.br\/noticias\/wp-json\/wp\/v2\/posts\/13733","targetHints":{"allow":["GET"]}}],"collection":[{"href":"https:\/\/blogdorogeriogomes.com.br\/noticias\/wp-json\/wp\/v2\/posts"}],"about":[{"href":"https:\/\/blogdorogeriogomes.com.br\/noticias\/wp-json\/wp\/v2\/types\/post"}],"author":[{"embeddable":true,"href":"https:\/\/blogdorogeriogomes.com.br\/noticias\/wp-json\/wp\/v2\/users\/1"}],"replies":[{"embeddable":true,"href":"https:\/\/blogdorogeriogomes.com.br\/noticias\/wp-json\/wp\/v2\/comments?post=13733"}],"version-history":[{"count":1,"href":"https:\/\/blogdorogeriogomes.com.br\/noticias\/wp-json\/wp\/v2\/posts\/13733\/revisions"}],"predecessor-version":[{"id":13735,"href":"https:\/\/blogdorogeriogomes.com.br\/noticias\/wp-json\/wp\/v2\/posts\/13733\/revisions\/13735"}],"wp:attachment":[{"href":"https:\/\/blogdorogeriogomes.com.br\/noticias\/wp-json\/wp\/v2\/media?parent=13733"}],"wp:term":[{"taxonomy":"category","embeddable":true,"href":"https:\/\/blogdorogeriogomes.com.br\/noticias\/wp-json\/wp\/v2\/categories?post=13733"},{"taxonomy":"post_tag","embeddable":true,"href":"https:\/\/blogdorogeriogomes.com.br\/noticias\/wp-json\/wp\/v2\/tags?post=13733"}],"curies":[{"name":"wp","href":"https:\/\/api.w.org\/{rel}","templated":true}]}}