{"id":13739,"date":"2019-08-27T20:37:33","date_gmt":"2019-08-27T20:37:33","guid":{"rendered":"http:\/\/blogdorogeriogomes.com.br\/?p=13739"},"modified":"2019-08-27T20:37:33","modified_gmt":"2019-08-27T20:37:33","slug":"tasso-entrega-relatorio-da-reforma-da-previdencia-e-propoe-alteracoes-no-bpc-e-aposentadorias-especiais","status":"publish","type":"post","link":"https:\/\/blogdorogeriogomes.com.br\/noticias\/2019\/08\/tasso-entrega-relatorio-da-reforma-da-previdencia-e-propoe-alteracoes-no-bpc-e-aposentadorias-especiais\/","title":{"rendered":"Tasso entrega relat\u00f3rio da reforma da Previd\u00eancia e prop\u00f5e altera\u00e7\u00f5es no BPC e aposentadorias especiais"},"content":{"rendered":"<p><img loading=\"lazy\" decoding=\"async\" class=\"alignnone size-medium wp-image-13740\" src=\"http:\/\/blogdorogeriogomes.com.br\/wp-content\/uploads\/2019\/08\/IMG_20190827_173138_502-300x300.jpg\" alt=\"IMG_20190827_173138_502\" width=\"300\" height=\"300\" srcset=\"https:\/\/blogdorogeriogomes.com.br\/noticias\/wp-content\/uploads\/2019\/08\/IMG_20190827_173138_502-300x300.jpg 300w, https:\/\/blogdorogeriogomes.com.br\/noticias\/wp-content\/uploads\/2019\/08\/IMG_20190827_173138_502-150x150.jpg 150w, https:\/\/blogdorogeriogomes.com.br\/noticias\/wp-content\/uploads\/2019\/08\/IMG_20190827_173138_502.jpg 738w\" sizes=\"auto, (max-width: 300px) 100vw, 300px\" \/><\/p>\n<p>O senador cearense Tasso Jereissati, do PSDB do Cear\u00e1, que \u00e9 relator da reforma da Previd\u00eancia no Senado, entregou o relat\u00f3rio da reforma da Previd\u00eancia ao presidente do Senado, Davi Alcolumbre, nesta ter\u00e7a-feira, dia 27 de agosto. No seu parecer, Tasso retirou do texto o Benef\u00edcio de Presta\u00e7\u00e3o Continuada (BPC) e as regras para aposentadorias especiais. No entanto, o senador cearense avalia que, se aprovado no Senado, n\u00e3o haver\u00e1 necessidade da proposta retornar para an\u00e1lise da C\u00e2mara dos Deputados.<br \/>\nH\u00e1 ainda outros pontos defendidos pelo relator da reforma da Previd\u00eancia que far\u00e3o parte de uma Proposta de Emenda \u00e0 Constitui\u00e7\u00e3o (PEC) paralela. Trata-se de definir regras para aposentadorias de servidores de estados e munic\u00edpios, al\u00e9m de cobran\u00e7a de contribui\u00e7\u00e3o previdenci\u00e1ria de entidades filantr\u00f3picas e para o agroexportador.<br \/>\nA expectativa do presidente do Senado, Davi Alcolumbre, \u00e9 de que, at\u00e9 o dia 10 outubro, a reforma da Previd\u00eancia seja votada em segundo turno no plen\u00e1rio.<\/p>\n","protected":false},"excerpt":{"rendered":"<p>O senador cearense Tasso Jereissati, do PSDB do Cear\u00e1, que \u00e9 relator da reforma da Previd\u00eancia no Senado, entregou o relat\u00f3rio da reforma da Previd\u00eancia ao presidente do Senado, Davi Alcolumbre, nesta ter\u00e7a-feira, dia 27 de agosto. No seu parecer, Tasso retirou do texto o Benef\u00edcio de Presta\u00e7\u00e3o Continuada (BPC) e as regras para aposentadorias especiais. No entanto, o senador cearense avalia que, se aprovado no Senado, n\u00e3o haver\u00e1 necessidade da proposta retornar para an\u00e1lise da C\u00e2mara dos Deputados.&hellip;<\/p>\n","protected":false},"author":1,"featured_media":0,"comment_status":"open","ping_status":"open","sticky":false,"template":"","format":"standard","meta":{"footnotes":""},"categories":[1],"tags":[],"class_list":["post-13739","post","type-post","status-publish","format-standard","hentry","category-noticias"],"_links":{"self":[{"href":"https:\/\/blogdorogeriogomes.com.br\/noticias\/wp-json\/wp\/v2\/posts\/13739","targetHints":{"allow":["GET"]}}],"collection":[{"href":"https:\/\/blogdorogeriogomes.com.br\/noticias\/wp-json\/wp\/v2\/posts"}],"about":[{"href":"https:\/\/blogdorogeriogomes.com.br\/noticias\/wp-json\/wp\/v2\/types\/post"}],"author":[{"embeddable":true,"href":"https:\/\/blogdorogeriogomes.com.br\/noticias\/wp-json\/wp\/v2\/users\/1"}],"replies":[{"embeddable":true,"href":"https:\/\/blogdorogeriogomes.com.br\/noticias\/wp-json\/wp\/v2\/comments?post=13739"}],"version-history":[{"count":1,"href":"https:\/\/blogdorogeriogomes.com.br\/noticias\/wp-json\/wp\/v2\/posts\/13739\/revisions"}],"predecessor-version":[{"id":13741,"href":"https:\/\/blogdorogeriogomes.com.br\/noticias\/wp-json\/wp\/v2\/posts\/13739\/revisions\/13741"}],"wp:attachment":[{"href":"https:\/\/blogdorogeriogomes.com.br\/noticias\/wp-json\/wp\/v2\/media?parent=13739"}],"wp:term":[{"taxonomy":"category","embeddable":true,"href":"https:\/\/blogdorogeriogomes.com.br\/noticias\/wp-json\/wp\/v2\/categories?post=13739"},{"taxonomy":"post_tag","embeddable":true,"href":"https:\/\/blogdorogeriogomes.com.br\/noticias\/wp-json\/wp\/v2\/tags?post=13739"}],"curies":[{"name":"wp","href":"https:\/\/api.w.org\/{rel}","templated":true}]}}