{"id":13742,"date":"2019-08-27T20:57:35","date_gmt":"2019-08-27T20:57:35","guid":{"rendered":"http:\/\/blogdorogeriogomes.com.br\/?p=13742"},"modified":"2019-08-27T20:57:35","modified_gmt":"2019-08-27T20:57:35","slug":"prefeitura-de-fortaleza-lanca-pacote-de-acoes-direcionado-para-a-primeira-infancia","status":"publish","type":"post","link":"https:\/\/blogdorogeriogomes.com.br\/noticias\/2019\/08\/prefeitura-de-fortaleza-lanca-pacote-de-acoes-direcionado-para-a-primeira-infancia\/","title":{"rendered":"Prefeitura de Fortaleza lan\u00e7a pacote de a\u00e7\u00f5es direcionado para a Primeira Inf\u00e2ncia"},"content":{"rendered":"<p><img loading=\"lazy\" decoding=\"async\" class=\"alignnone size-medium wp-image-13743\" src=\"http:\/\/blogdorogeriogomes.com.br\/wp-content\/uploads\/2019\/08\/IMG_20190827_175205_794-300x213.jpg\" alt=\"IMG_20190827_175205_794\" width=\"300\" height=\"213\" srcset=\"https:\/\/blogdorogeriogomes.com.br\/noticias\/wp-content\/uploads\/2019\/08\/IMG_20190827_175205_794-300x213.jpg 300w, https:\/\/blogdorogeriogomes.com.br\/noticias\/wp-content\/uploads\/2019\/08\/IMG_20190827_175205_794-768x546.jpg 768w, https:\/\/blogdorogeriogomes.com.br\/noticias\/wp-content\/uploads\/2019\/08\/IMG_20190827_175205_794-1024x728.jpg 1024w\" sizes=\"auto, (max-width: 300px) 100vw, 300px\" \/><\/p>\n<p>A Prefeitura de Fortaleza lan\u00e7ou, nesta ter\u00e7a-feira, dia 27 de agosto, um pacote de a\u00e7\u00f5es voltadas para o atendimento \u00e0s crian\u00e7as da capital cearense. O lan\u00e7amento foi feito durante a abertura do Semin\u00e1rio Miss\u00e3o Inf\u00e2ncia Fortaleza, no Centro de Eventos do Cear\u00e1.<br \/>\nEntre os programas de assist\u00eancia aos menores, haver\u00e1 a amplia\u00e7\u00e3o do programa \u201cCres\u00e7a com seu filho\u201d onde a Prefeitura paga um valor mensal para fam\u00edlias com crian\u00e7as em situa\u00e7\u00e3o de vulnerabilidade, at\u00e9 tr\u00eas anos de idade. As fam\u00edlias registradas no programa recebem R$ 50 por crian\u00e7a para ajudar no desenvolvimento. O objetivo \u00e9 que o beb\u00ea tenha acesso a fraldas, nutri\u00e7\u00e3o adequada e outros materiais para garantir bom desenvolvimento nos primeiros anos de vida. Ser\u00e3o sete mil fam\u00edlias beneficiadas que far\u00e3o parte da amplia\u00e7\u00e3o do programa Cres\u00e7a Com Seu Filho at\u00e9 2020.<\/p>\n","protected":false},"excerpt":{"rendered":"<p>A Prefeitura de Fortaleza lan\u00e7ou, nesta ter\u00e7a-feira, dia 27 de agosto, um pacote de a\u00e7\u00f5es voltadas para o atendimento \u00e0s crian\u00e7as da capital cearense. O lan\u00e7amento foi feito durante a abertura do Semin\u00e1rio Miss\u00e3o Inf\u00e2ncia Fortaleza, no Centro de Eventos do Cear\u00e1. Entre os programas de assist\u00eancia aos menores, haver\u00e1 a amplia\u00e7\u00e3o do programa \u201cCres\u00e7a com seu filho\u201d onde a Prefeitura paga um valor mensal para fam\u00edlias com crian\u00e7as em situa\u00e7\u00e3o de vulnerabilidade, at\u00e9 tr\u00eas anos de idade. As&hellip;<\/p>\n","protected":false},"author":1,"featured_media":0,"comment_status":"open","ping_status":"open","sticky":false,"template":"","format":"standard","meta":{"footnotes":""},"categories":[1],"tags":[],"class_list":["post-13742","post","type-post","status-publish","format-standard","hentry","category-noticias"],"_links":{"self":[{"href":"https:\/\/blogdorogeriogomes.com.br\/noticias\/wp-json\/wp\/v2\/posts\/13742","targetHints":{"allow":["GET"]}}],"collection":[{"href":"https:\/\/blogdorogeriogomes.com.br\/noticias\/wp-json\/wp\/v2\/posts"}],"about":[{"href":"https:\/\/blogdorogeriogomes.com.br\/noticias\/wp-json\/wp\/v2\/types\/post"}],"author":[{"embeddable":true,"href":"https:\/\/blogdorogeriogomes.com.br\/noticias\/wp-json\/wp\/v2\/users\/1"}],"replies":[{"embeddable":true,"href":"https:\/\/blogdorogeriogomes.com.br\/noticias\/wp-json\/wp\/v2\/comments?post=13742"}],"version-history":[{"count":1,"href":"https:\/\/blogdorogeriogomes.com.br\/noticias\/wp-json\/wp\/v2\/posts\/13742\/revisions"}],"predecessor-version":[{"id":13744,"href":"https:\/\/blogdorogeriogomes.com.br\/noticias\/wp-json\/wp\/v2\/posts\/13742\/revisions\/13744"}],"wp:attachment":[{"href":"https:\/\/blogdorogeriogomes.com.br\/noticias\/wp-json\/wp\/v2\/media?parent=13742"}],"wp:term":[{"taxonomy":"category","embeddable":true,"href":"https:\/\/blogdorogeriogomes.com.br\/noticias\/wp-json\/wp\/v2\/categories?post=13742"},{"taxonomy":"post_tag","embeddable":true,"href":"https:\/\/blogdorogeriogomes.com.br\/noticias\/wp-json\/wp\/v2\/tags?post=13742"}],"curies":[{"name":"wp","href":"https:\/\/api.w.org\/{rel}","templated":true}]}}