{"id":13748,"date":"2019-08-28T08:42:48","date_gmt":"2019-08-28T08:42:48","guid":{"rendered":"http:\/\/blogdorogeriogomes.com.br\/?p=13748"},"modified":"2019-08-28T08:42:48","modified_gmt":"2019-08-28T08:42:48","slug":"stf-anula-sentenca-contra-ex-presidente-da-petrobras-e-preocupa-forca-tarefa-da-lava-jato","status":"publish","type":"post","link":"https:\/\/blogdorogeriogomes.com.br\/noticias\/2019\/08\/stf-anula-sentenca-contra-ex-presidente-da-petrobras-e-preocupa-forca-tarefa-da-lava-jato\/","title":{"rendered":"STF anula senten\u00e7a contra ex-presidente da Petrobras e preocupa for\u00e7a-tarefa da Lava Jato"},"content":{"rendered":"<p><img loading=\"lazy\" decoding=\"async\" class=\"alignnone size-medium wp-image-13749\" src=\"http:\/\/blogdorogeriogomes.com.br\/wp-content\/uploads\/2019\/08\/IMG_20190828_053916_902-300x229.jpg\" alt=\"IMG_20190828_053916_902\" width=\"300\" height=\"229\" srcset=\"https:\/\/blogdorogeriogomes.com.br\/noticias\/wp-content\/uploads\/2019\/08\/IMG_20190828_053916_902-300x229.jpg 300w, https:\/\/blogdorogeriogomes.com.br\/noticias\/wp-content\/uploads\/2019\/08\/IMG_20190828_053916_902.jpg 558w\" sizes=\"auto, (max-width: 300px) 100vw, 300px\" \/><\/p>\n<p>O Supremo Tribunal Federal anulou, pela primeira vez, uma condena\u00e7\u00e3o do ex-juiz Sergio Moro. Por 3 votos a 1, a Segunda Turma tornou sem efeito a condena\u00e7\u00e3o de Aldemir Bendine (foto), ex-presidente da Petrobras e do Banco do Brasil, por corrup\u00e7\u00e3o e lavagem de dinheiro em uma a\u00e7\u00e3o ligada \u00e0 Opera\u00e7\u00e3o Lava Jato.<br \/>\nProcuradores da Opera\u00e7\u00e3o Lava Jato dizem ver a medida com &#8220;imensa preocupa\u00e7\u00e3o&#8221; e temem que outras condena\u00e7\u00f5es da Opera\u00e7\u00e3o, inclusive a condena\u00e7\u00e3o de Lula, tamb\u00e9m sejam anuladas pela Suprema Corte do pa\u00eds.<br \/>\nCristiano Zanin, advogado do ex-presidente Luiz In\u00e1cio Lula da Silva, afirmou que ir\u00e1 cobrar do STF a extens\u00e3o da decis\u00e3o aos processos contra o petista na 2\u00aa Turma da Corte que anulou a condena\u00e7\u00e3o do ex-presidente da Petrobras, Adelmir Bendini.<\/p>\n","protected":false},"excerpt":{"rendered":"<p>O Supremo Tribunal Federal anulou, pela primeira vez, uma condena\u00e7\u00e3o do ex-juiz Sergio Moro. Por 3 votos a 1, a Segunda Turma tornou sem efeito a condena\u00e7\u00e3o de Aldemir Bendine (foto), ex-presidente da Petrobras e do Banco do Brasil, por corrup\u00e7\u00e3o e lavagem de dinheiro em uma a\u00e7\u00e3o ligada \u00e0 Opera\u00e7\u00e3o Lava Jato. Procuradores da Opera\u00e7\u00e3o Lava Jato dizem ver a medida com &#8220;imensa preocupa\u00e7\u00e3o&#8221; e temem que outras condena\u00e7\u00f5es da Opera\u00e7\u00e3o, inclusive a condena\u00e7\u00e3o de Lula, tamb\u00e9m sejam&hellip;<\/p>\n","protected":false},"author":1,"featured_media":0,"comment_status":"open","ping_status":"open","sticky":false,"template":"","format":"standard","meta":{"footnotes":""},"categories":[1],"tags":[],"class_list":["post-13748","post","type-post","status-publish","format-standard","hentry","category-noticias"],"_links":{"self":[{"href":"https:\/\/blogdorogeriogomes.com.br\/noticias\/wp-json\/wp\/v2\/posts\/13748","targetHints":{"allow":["GET"]}}],"collection":[{"href":"https:\/\/blogdorogeriogomes.com.br\/noticias\/wp-json\/wp\/v2\/posts"}],"about":[{"href":"https:\/\/blogdorogeriogomes.com.br\/noticias\/wp-json\/wp\/v2\/types\/post"}],"author":[{"embeddable":true,"href":"https:\/\/blogdorogeriogomes.com.br\/noticias\/wp-json\/wp\/v2\/users\/1"}],"replies":[{"embeddable":true,"href":"https:\/\/blogdorogeriogomes.com.br\/noticias\/wp-json\/wp\/v2\/comments?post=13748"}],"version-history":[{"count":1,"href":"https:\/\/blogdorogeriogomes.com.br\/noticias\/wp-json\/wp\/v2\/posts\/13748\/revisions"}],"predecessor-version":[{"id":13750,"href":"https:\/\/blogdorogeriogomes.com.br\/noticias\/wp-json\/wp\/v2\/posts\/13748\/revisions\/13750"}],"wp:attachment":[{"href":"https:\/\/blogdorogeriogomes.com.br\/noticias\/wp-json\/wp\/v2\/media?parent=13748"}],"wp:term":[{"taxonomy":"category","embeddable":true,"href":"https:\/\/blogdorogeriogomes.com.br\/noticias\/wp-json\/wp\/v2\/categories?post=13748"},{"taxonomy":"post_tag","embeddable":true,"href":"https:\/\/blogdorogeriogomes.com.br\/noticias\/wp-json\/wp\/v2\/tags?post=13748"}],"curies":[{"name":"wp","href":"https:\/\/api.w.org\/{rel}","templated":true}]}}