{"id":13751,"date":"2019-08-28T20:05:27","date_gmt":"2019-08-28T20:05:27","guid":{"rendered":"http:\/\/blogdorogeriogomes.com.br\/?p=13751"},"modified":"2019-08-28T20:05:27","modified_gmt":"2019-08-28T20:05:27","slug":"fernando-haddad-participa-de-ato-publico-em-fortaleza-nesta-sexta-feira","status":"publish","type":"post","link":"https:\/\/blogdorogeriogomes.com.br\/noticias\/2019\/08\/fernando-haddad-participa-de-ato-publico-em-fortaleza-nesta-sexta-feira\/","title":{"rendered":"Fernando Haddad participa de ato p\u00fablico em Fortaleza nesta sexta-feira"},"content":{"rendered":"<p><img loading=\"lazy\" decoding=\"async\" class=\"alignnone size-medium wp-image-13752\" src=\"http:\/\/blogdorogeriogomes.com.br\/wp-content\/uploads\/2019\/08\/IMG_20190828_165541_245-300x196.jpg\" alt=\"IMG_20190828_165541_245\" width=\"300\" height=\"196\" srcset=\"https:\/\/blogdorogeriogomes.com.br\/noticias\/wp-content\/uploads\/2019\/08\/IMG_20190828_165541_245-300x196.jpg 300w, https:\/\/blogdorogeriogomes.com.br\/noticias\/wp-content\/uploads\/2019\/08\/IMG_20190828_165541_245-768x503.jpg 768w, https:\/\/blogdorogeriogomes.com.br\/noticias\/wp-content\/uploads\/2019\/08\/IMG_20190828_165541_245.jpg 840w\" sizes=\"auto, (max-width: 300px) 100vw, 300px\" \/><\/p>\n<p>O ex-candidato \u00e0 Presid\u00eancia da Rep\u00fablica pelo PT, Fernando Haddad, estar\u00e1 em Fortaleza, nesta sexta-feira, dia 30 de agosto. Ele vai participar de um ato p\u00fablico na Pra\u00e7a da Gentilandia, no Benfica, em defesa da liberdade do ex-presidente Lula. Na pauta da manifesta\u00e7\u00e3o tamb\u00e9m est\u00e3o a defesa da educa\u00e7\u00e3o, que vem sofrendo cortes or\u00e7ament\u00e1rios no Governo Bolsonaro, e da Amaz\u00f4nia, alvo de queimadas criminosas nos \u00faltimos meses.<br \/>\nNa tarde de sexta-feira, Haddad deve fazer uma visita ao governador do Cear\u00e1, Camilo Santana, no Pal\u00e1cio da Aboli\u00e7\u00e3o.<br \/>\nNo s\u00e1bado, dia 31 de agosto, Fernando Haddad segue para Recife e, no domingo, participa do Grito do Nordeste na cidade de Monteiro (PB), organizado pelo ex-governador da Para\u00edba, Ricardo Coutinho.<\/p>\n","protected":false},"excerpt":{"rendered":"<p>O ex-candidato \u00e0 Presid\u00eancia da Rep\u00fablica pelo PT, Fernando Haddad, estar\u00e1 em Fortaleza, nesta sexta-feira, dia 30 de agosto. Ele vai participar de um ato p\u00fablico na Pra\u00e7a da Gentilandia, no Benfica, em defesa da liberdade do ex-presidente Lula. Na pauta da manifesta\u00e7\u00e3o tamb\u00e9m est\u00e3o a defesa da educa\u00e7\u00e3o, que vem sofrendo cortes or\u00e7ament\u00e1rios no Governo Bolsonaro, e da Amaz\u00f4nia, alvo de queimadas criminosas nos \u00faltimos meses. Na tarde de sexta-feira, Haddad deve fazer uma visita ao governador do&hellip;<\/p>\n","protected":false},"author":1,"featured_media":0,"comment_status":"open","ping_status":"open","sticky":false,"template":"","format":"standard","meta":{"footnotes":""},"categories":[1],"tags":[],"class_list":["post-13751","post","type-post","status-publish","format-standard","hentry","category-noticias"],"_links":{"self":[{"href":"https:\/\/blogdorogeriogomes.com.br\/noticias\/wp-json\/wp\/v2\/posts\/13751","targetHints":{"allow":["GET"]}}],"collection":[{"href":"https:\/\/blogdorogeriogomes.com.br\/noticias\/wp-json\/wp\/v2\/posts"}],"about":[{"href":"https:\/\/blogdorogeriogomes.com.br\/noticias\/wp-json\/wp\/v2\/types\/post"}],"author":[{"embeddable":true,"href":"https:\/\/blogdorogeriogomes.com.br\/noticias\/wp-json\/wp\/v2\/users\/1"}],"replies":[{"embeddable":true,"href":"https:\/\/blogdorogeriogomes.com.br\/noticias\/wp-json\/wp\/v2\/comments?post=13751"}],"version-history":[{"count":1,"href":"https:\/\/blogdorogeriogomes.com.br\/noticias\/wp-json\/wp\/v2\/posts\/13751\/revisions"}],"predecessor-version":[{"id":13753,"href":"https:\/\/blogdorogeriogomes.com.br\/noticias\/wp-json\/wp\/v2\/posts\/13751\/revisions\/13753"}],"wp:attachment":[{"href":"https:\/\/blogdorogeriogomes.com.br\/noticias\/wp-json\/wp\/v2\/media?parent=13751"}],"wp:term":[{"taxonomy":"category","embeddable":true,"href":"https:\/\/blogdorogeriogomes.com.br\/noticias\/wp-json\/wp\/v2\/categories?post=13751"},{"taxonomy":"post_tag","embeddable":true,"href":"https:\/\/blogdorogeriogomes.com.br\/noticias\/wp-json\/wp\/v2\/tags?post=13751"}],"curies":[{"name":"wp","href":"https:\/\/api.w.org\/{rel}","templated":true}]}}