{"id":13754,"date":"2019-08-28T20:34:26","date_gmt":"2019-08-28T20:34:26","guid":{"rendered":"http:\/\/blogdorogeriogomes.com.br\/?p=13754"},"modified":"2019-08-28T20:34:26","modified_gmt":"2019-08-28T20:34:26","slug":"camara-municipal-recebera-mensagem-que-cria-nucleo-gestor-das-discussoes-do-plano-diretor-na-capital","status":"publish","type":"post","link":"https:\/\/blogdorogeriogomes.com.br\/noticias\/2019\/08\/camara-municipal-recebera-mensagem-que-cria-nucleo-gestor-das-discussoes-do-plano-diretor-na-capital\/","title":{"rendered":"C\u00e2mara Municipal receber\u00e1 mensagem que cria n\u00facleo gestor das discuss\u00f5es do Plano Diretor na Capital"},"content":{"rendered":"<p><img loading=\"lazy\" decoding=\"async\" class=\"alignnone size-medium wp-image-13755\" src=\"http:\/\/blogdorogeriogomes.com.br\/wp-content\/uploads\/2019\/08\/IMG_20190828_172907_379-300x276.jpg\" alt=\"IMG_20190828_172907_379\" width=\"300\" height=\"276\" srcset=\"https:\/\/blogdorogeriogomes.com.br\/noticias\/wp-content\/uploads\/2019\/08\/IMG_20190828_172907_379-300x276.jpg 300w, https:\/\/blogdorogeriogomes.com.br\/noticias\/wp-content\/uploads\/2019\/08\/IMG_20190828_172907_379.jpg 675w\" sizes=\"auto, (max-width: 300px) 100vw, 300px\" \/><\/p>\n<p>O prefeito de Fortaleza, Roberto Cl\u00e1udio, vai nesta quinta-feira, dia 29 de agosto, \u00e0 C\u00e2mara Municipal de Fortaleza para fazer a entrega do Projeto de Lei, criando o n\u00facleo gestor que vai comandar as discuss\u00f5es acerca do Plano Diretor.<br \/>\nRoberto Cl\u00e1udio ser\u00e1 recebido pelo presidente da C\u00e2mara Municipal, Ant\u00f4nio Henrique, no per\u00edodo da tarde. Neste segundo semestre, o Plano Diretor de Fortaleza deve entrar em discuss\u00e3o nos bairros. A previs\u00e3o inicial \u00e9 que sejam realizadas entre 50 e 70 reuni\u00f5es nos mais diversos bairros da Capital.<br \/>\nO Plano Diretor \u00e9 uma lei municipal que trata da organiza\u00e7\u00e3o e ocupa\u00e7\u00e3o territorial do munic\u00edpio buscando integrar o uso do solo, habita\u00e7\u00e3o, saneamento e mobilidade urbana.<\/p>\n","protected":false},"excerpt":{"rendered":"<p>O prefeito de Fortaleza, Roberto Cl\u00e1udio, vai nesta quinta-feira, dia 29 de agosto, \u00e0 C\u00e2mara Municipal de Fortaleza para fazer a entrega do Projeto de Lei, criando o n\u00facleo gestor que vai comandar as discuss\u00f5es acerca do Plano Diretor. Roberto Cl\u00e1udio ser\u00e1 recebido pelo presidente da C\u00e2mara Municipal, Ant\u00f4nio Henrique, no per\u00edodo da tarde. Neste segundo semestre, o Plano Diretor de Fortaleza deve entrar em discuss\u00e3o nos bairros. A previs\u00e3o inicial \u00e9 que sejam realizadas entre 50 e 70&hellip;<\/p>\n","protected":false},"author":1,"featured_media":0,"comment_status":"open","ping_status":"open","sticky":false,"template":"","format":"standard","meta":{"footnotes":""},"categories":[1],"tags":[],"class_list":["post-13754","post","type-post","status-publish","format-standard","hentry","category-noticias"],"_links":{"self":[{"href":"https:\/\/blogdorogeriogomes.com.br\/noticias\/wp-json\/wp\/v2\/posts\/13754","targetHints":{"allow":["GET"]}}],"collection":[{"href":"https:\/\/blogdorogeriogomes.com.br\/noticias\/wp-json\/wp\/v2\/posts"}],"about":[{"href":"https:\/\/blogdorogeriogomes.com.br\/noticias\/wp-json\/wp\/v2\/types\/post"}],"author":[{"embeddable":true,"href":"https:\/\/blogdorogeriogomes.com.br\/noticias\/wp-json\/wp\/v2\/users\/1"}],"replies":[{"embeddable":true,"href":"https:\/\/blogdorogeriogomes.com.br\/noticias\/wp-json\/wp\/v2\/comments?post=13754"}],"version-history":[{"count":1,"href":"https:\/\/blogdorogeriogomes.com.br\/noticias\/wp-json\/wp\/v2\/posts\/13754\/revisions"}],"predecessor-version":[{"id":13756,"href":"https:\/\/blogdorogeriogomes.com.br\/noticias\/wp-json\/wp\/v2\/posts\/13754\/revisions\/13756"}],"wp:attachment":[{"href":"https:\/\/blogdorogeriogomes.com.br\/noticias\/wp-json\/wp\/v2\/media?parent=13754"}],"wp:term":[{"taxonomy":"category","embeddable":true,"href":"https:\/\/blogdorogeriogomes.com.br\/noticias\/wp-json\/wp\/v2\/categories?post=13754"},{"taxonomy":"post_tag","embeddable":true,"href":"https:\/\/blogdorogeriogomes.com.br\/noticias\/wp-json\/wp\/v2\/tags?post=13754"}],"curies":[{"name":"wp","href":"https:\/\/api.w.org\/{rel}","templated":true}]}}