{"id":13757,"date":"2019-08-29T08:57:15","date_gmt":"2019-08-29T08:57:15","guid":{"rendered":"http:\/\/blogdorogeriogomes.com.br\/?p=13757"},"modified":"2019-08-29T08:57:15","modified_gmt":"2019-08-29T08:57:15","slug":"novo-reitor-da-ufc-ainda-nao-conseguiu-despachar-na-reitoria-por-causa-de-protestos","status":"publish","type":"post","link":"https:\/\/blogdorogeriogomes.com.br\/noticias\/2019\/08\/novo-reitor-da-ufc-ainda-nao-conseguiu-despachar-na-reitoria-por-causa-de-protestos\/","title":{"rendered":"Novo reitor da UFC ainda n\u00e3o conseguiu despachar na reitoria por causa de protestos"},"content":{"rendered":"<p><img loading=\"lazy\" decoding=\"async\" class=\"alignnone size-medium wp-image-13758\" src=\"http:\/\/blogdorogeriogomes.com.br\/wp-content\/uploads\/2019\/08\/IMG_20190829_055241_393-300x200.jpg\" alt=\"IMG_20190829_055241_393\" width=\"300\" height=\"200\" srcset=\"https:\/\/blogdorogeriogomes.com.br\/noticias\/wp-content\/uploads\/2019\/08\/IMG_20190829_055241_393-300x200.jpg 300w, https:\/\/blogdorogeriogomes.com.br\/noticias\/wp-content\/uploads\/2019\/08\/IMG_20190829_055241_393.jpg 320w\" sizes=\"auto, (max-width: 300px) 100vw, 300px\" \/><\/p>\n<p>Uma semana ap\u00f3s ser empossado pelo presidente Jair Bolsonaro como novo reitor da Universidade Federal do Cear\u00e1 (UFC), o professor C\u00e2ndido Albuquerque ainda n\u00e3o conseguiu despachar na reitoria da universidade. O motivo \u00e9 o protesto permanente de professores, servidores e estudantes contra a sua nomea\u00e7\u00e3o. C\u00e2ndido foi o terceiro colocado na vota\u00e7\u00e3o da comunidade universit\u00e1ria na lista tr\u00edplice encaminhada a Bolsonaro.<br \/>\nUma das cobran\u00e7as dos manifestantes contra o reitor nomeado \u00e9 o alinhamento pol\u00edtico com o presidente e a propostas como o programa Future-se, arquitetado pelo Minist\u00e9rio da Educa\u00e7\u00e3o, que altera formas de financiamento do ensino superior no Pa\u00eds.<br \/>\nC\u00e2ndido Albuquerque diz esperar o momento mais oportuno para poder assumir o gabinete na Reitoria. Mas, por enquanto, os manifestantes prometem resistir.<\/p>\n","protected":false},"excerpt":{"rendered":"<p>Uma semana ap\u00f3s ser empossado pelo presidente Jair Bolsonaro como novo reitor da Universidade Federal do Cear\u00e1 (UFC), o professor C\u00e2ndido Albuquerque ainda n\u00e3o conseguiu despachar na reitoria da universidade. O motivo \u00e9 o protesto permanente de professores, servidores e estudantes contra a sua nomea\u00e7\u00e3o. C\u00e2ndido foi o terceiro colocado na vota\u00e7\u00e3o da comunidade universit\u00e1ria na lista tr\u00edplice encaminhada a Bolsonaro. Uma das cobran\u00e7as dos manifestantes contra o reitor nomeado \u00e9 o alinhamento pol\u00edtico com o presidente e a&hellip;<\/p>\n","protected":false},"author":1,"featured_media":0,"comment_status":"open","ping_status":"open","sticky":false,"template":"","format":"standard","meta":{"footnotes":""},"categories":[1],"tags":[],"class_list":["post-13757","post","type-post","status-publish","format-standard","hentry","category-noticias"],"_links":{"self":[{"href":"https:\/\/blogdorogeriogomes.com.br\/noticias\/wp-json\/wp\/v2\/posts\/13757","targetHints":{"allow":["GET"]}}],"collection":[{"href":"https:\/\/blogdorogeriogomes.com.br\/noticias\/wp-json\/wp\/v2\/posts"}],"about":[{"href":"https:\/\/blogdorogeriogomes.com.br\/noticias\/wp-json\/wp\/v2\/types\/post"}],"author":[{"embeddable":true,"href":"https:\/\/blogdorogeriogomes.com.br\/noticias\/wp-json\/wp\/v2\/users\/1"}],"replies":[{"embeddable":true,"href":"https:\/\/blogdorogeriogomes.com.br\/noticias\/wp-json\/wp\/v2\/comments?post=13757"}],"version-history":[{"count":1,"href":"https:\/\/blogdorogeriogomes.com.br\/noticias\/wp-json\/wp\/v2\/posts\/13757\/revisions"}],"predecessor-version":[{"id":13759,"href":"https:\/\/blogdorogeriogomes.com.br\/noticias\/wp-json\/wp\/v2\/posts\/13757\/revisions\/13759"}],"wp:attachment":[{"href":"https:\/\/blogdorogeriogomes.com.br\/noticias\/wp-json\/wp\/v2\/media?parent=13757"}],"wp:term":[{"taxonomy":"category","embeddable":true,"href":"https:\/\/blogdorogeriogomes.com.br\/noticias\/wp-json\/wp\/v2\/categories?post=13757"},{"taxonomy":"post_tag","embeddable":true,"href":"https:\/\/blogdorogeriogomes.com.br\/noticias\/wp-json\/wp\/v2\/tags?post=13757"}],"curies":[{"name":"wp","href":"https:\/\/api.w.org\/{rel}","templated":true}]}}