{"id":13760,"date":"2019-08-29T09:19:20","date_gmt":"2019-08-29T09:19:20","guid":{"rendered":"http:\/\/blogdorogeriogomes.com.br\/?p=13760"},"modified":"2019-08-29T09:19:20","modified_gmt":"2019-08-29T09:19:20","slug":"stf-da-sinais-que-decisao-sobre-bendine-pode-influenciar-outros-processos-da-lava-jato","status":"publish","type":"post","link":"https:\/\/blogdorogeriogomes.com.br\/noticias\/2019\/08\/stf-da-sinais-que-decisao-sobre-bendine-pode-influenciar-outros-processos-da-lava-jato\/","title":{"rendered":"STF d\u00e1 sinais que decis\u00e3o sobre Bendine pode influenciar outros processos da Lava Jato"},"content":{"rendered":"<p><img loading=\"lazy\" decoding=\"async\" class=\"alignnone size-medium wp-image-13761\" src=\"http:\/\/blogdorogeriogomes.com.br\/wp-content\/uploads\/2019\/08\/IMG_20190829_061004_670-300x255.jpg\" alt=\"IMG_20190829_061004_670\" width=\"300\" height=\"255\" srcset=\"https:\/\/blogdorogeriogomes.com.br\/noticias\/wp-content\/uploads\/2019\/08\/IMG_20190829_061004_670-300x255.jpg 300w, https:\/\/blogdorogeriogomes.com.br\/noticias\/wp-content\/uploads\/2019\/08\/IMG_20190829_061004_670-768x653.jpg 768w, https:\/\/blogdorogeriogomes.com.br\/noticias\/wp-content\/uploads\/2019\/08\/IMG_20190829_061004_670.jpg 803w\" sizes=\"auto, (max-width: 300px) 100vw, 300px\" \/><\/p>\n<p>O STF come\u00e7a a dar sinais que deve promover revis\u00f5es em senten\u00e7as da Lava Jato. O ministro Edson Fachin enviou ao plen\u00e1rio do STF a a\u00e7\u00e3o que trata da diferen\u00e7a entre r\u00e9us delatados e delatores na fase de alega\u00e7\u00f5es finais em processos judiciais.<br \/>\nA decis\u00e3o que anulou a senten\u00e7a do ex-presidente da Petrobras Aldemir Bendine, na ter\u00e7a-feira, dia 27 de agosto, abriu um precedente que poder\u00e1 beneficiar alvos da Lava Jato que v\u00e3o do ex-governador S\u00e9rgio Cabral, no Rio de Janeiro, ao n\u00facleo petista liderado pelo ex-presidente Lula e integrado pelo ex-ministro Jos\u00e9 Dirceu, no Paran\u00e1.<br \/>\nJ\u00e1 nesta quarta-feira, dia 28, o ministro Edson Fachin determinou que uma a\u00e7\u00e3o penal referente ao Instituto Lula retroceda etapas.<\/p>\n","protected":false},"excerpt":{"rendered":"<p>O STF come\u00e7a a dar sinais que deve promover revis\u00f5es em senten\u00e7as da Lava Jato. O ministro Edson Fachin enviou ao plen\u00e1rio do STF a a\u00e7\u00e3o que trata da diferen\u00e7a entre r\u00e9us delatados e delatores na fase de alega\u00e7\u00f5es finais em processos judiciais. A decis\u00e3o que anulou a senten\u00e7a do ex-presidente da Petrobras Aldemir Bendine, na ter\u00e7a-feira, dia 27 de agosto, abriu um precedente que poder\u00e1 beneficiar alvos da Lava Jato que v\u00e3o do ex-governador S\u00e9rgio Cabral, no Rio&hellip;<\/p>\n","protected":false},"author":1,"featured_media":0,"comment_status":"open","ping_status":"open","sticky":false,"template":"","format":"standard","meta":{"footnotes":""},"categories":[1],"tags":[],"class_list":["post-13760","post","type-post","status-publish","format-standard","hentry","category-noticias"],"_links":{"self":[{"href":"https:\/\/blogdorogeriogomes.com.br\/noticias\/wp-json\/wp\/v2\/posts\/13760","targetHints":{"allow":["GET"]}}],"collection":[{"href":"https:\/\/blogdorogeriogomes.com.br\/noticias\/wp-json\/wp\/v2\/posts"}],"about":[{"href":"https:\/\/blogdorogeriogomes.com.br\/noticias\/wp-json\/wp\/v2\/types\/post"}],"author":[{"embeddable":true,"href":"https:\/\/blogdorogeriogomes.com.br\/noticias\/wp-json\/wp\/v2\/users\/1"}],"replies":[{"embeddable":true,"href":"https:\/\/blogdorogeriogomes.com.br\/noticias\/wp-json\/wp\/v2\/comments?post=13760"}],"version-history":[{"count":1,"href":"https:\/\/blogdorogeriogomes.com.br\/noticias\/wp-json\/wp\/v2\/posts\/13760\/revisions"}],"predecessor-version":[{"id":13762,"href":"https:\/\/blogdorogeriogomes.com.br\/noticias\/wp-json\/wp\/v2\/posts\/13760\/revisions\/13762"}],"wp:attachment":[{"href":"https:\/\/blogdorogeriogomes.com.br\/noticias\/wp-json\/wp\/v2\/media?parent=13760"}],"wp:term":[{"taxonomy":"category","embeddable":true,"href":"https:\/\/blogdorogeriogomes.com.br\/noticias\/wp-json\/wp\/v2\/categories?post=13760"},{"taxonomy":"post_tag","embeddable":true,"href":"https:\/\/blogdorogeriogomes.com.br\/noticias\/wp-json\/wp\/v2\/tags?post=13760"}],"curies":[{"name":"wp","href":"https:\/\/api.w.org\/{rel}","templated":true}]}}