{"id":13763,"date":"2019-08-29T19:56:24","date_gmt":"2019-08-29T19:56:24","guid":{"rendered":"http:\/\/blogdorogeriogomes.com.br\/?p=13763"},"modified":"2019-08-29T19:56:24","modified_gmt":"2019-08-29T19:56:24","slug":"multinacional-de-bebidas-lanca-pedra-fundamental-para-construcao-de-complexo-industrial-em-itaitinga","status":"publish","type":"post","link":"https:\/\/blogdorogeriogomes.com.br\/noticias\/2019\/08\/multinacional-de-bebidas-lanca-pedra-fundamental-para-construcao-de-complexo-industrial-em-itaitinga\/","title":{"rendered":"Multinacional de bebidas lan\u00e7a pedra fundamental para constru\u00e7\u00e3o de complexo industrial em Itaitinga"},"content":{"rendered":"<p><img loading=\"lazy\" decoding=\"async\" class=\"alignnone size-medium wp-image-13764\" src=\"http:\/\/blogdorogeriogomes.com.br\/wp-content\/uploads\/2019\/08\/IMG_20190829_165106_106-300x209.jpg\" alt=\"IMG_20190829_165106_106\" width=\"300\" height=\"209\" srcset=\"https:\/\/blogdorogeriogomes.com.br\/noticias\/wp-content\/uploads\/2019\/08\/IMG_20190829_165106_106-300x209.jpg 300w, https:\/\/blogdorogeriogomes.com.br\/noticias\/wp-content\/uploads\/2019\/08\/IMG_20190829_165106_106-768x536.jpg 768w, https:\/\/blogdorogeriogomes.com.br\/noticias\/wp-content\/uploads\/2019\/08\/IMG_20190829_165106_106-1024x715.jpg 1024w, https:\/\/blogdorogeriogomes.com.br\/noticias\/wp-content\/uploads\/2019\/08\/IMG_20190829_165106_106.jpg 1146w\" sizes=\"auto, (max-width: 300px) 100vw, 300px\" \/><\/p>\n<p>Foi lan\u00e7ada nesta quinta-feira, dia 29 de agosto, a pedra fundamental do novo complexo industrial da multinacional produtora de bebidas alco\u00f3licas Diageo, que ser\u00e1 constru\u00eddo em Itaitinga, na Regi\u00e3o Metropolitana de Fortaleza.<br \/>\nO lan\u00e7amento teve a presen\u00e7a do governador Camilo Santana e de Gregorio Gutierrez, presidente da multinacional Diageo no Paraguai, Uruguai e Brasil.<br \/>\nA nova planta de produ\u00e7\u00e3o e envase da empresa incluir\u00e1 tamb\u00e9m o remanejamento e a moderniza\u00e7\u00e3o da f\u00e1brica da Ypi\u00f3ca, escrit\u00f3rio administrativo e um novo centro de distribui\u00e7\u00e3o de bebidas, que tornar\u00e1 o Cear\u00e1 em um hub de distribui\u00e7\u00e3o da multinacional para o Nordeste. O investimento da empresa ser\u00e1 de R$ 100 milh\u00f5es e vai gerar cerca de 750 empregos, entre diretos e indiretos.<br \/>\nA nova unidade ser\u00e1 o maior hub log\u00edstico da Diageo no Brasil, passando a movimentar o equivalente a quase metade de tudo o que \u00e9 distribu\u00eddo pela empresa no Pa\u00eds.<\/p>\n","protected":false},"excerpt":{"rendered":"<p>Foi lan\u00e7ada nesta quinta-feira, dia 29 de agosto, a pedra fundamental do novo complexo industrial da multinacional produtora de bebidas alco\u00f3licas Diageo, que ser\u00e1 constru\u00eddo em Itaitinga, na Regi\u00e3o Metropolitana de Fortaleza. O lan\u00e7amento teve a presen\u00e7a do governador Camilo Santana e de Gregorio Gutierrez, presidente da multinacional Diageo no Paraguai, Uruguai e Brasil. A nova planta de produ\u00e7\u00e3o e envase da empresa incluir\u00e1 tamb\u00e9m o remanejamento e a moderniza\u00e7\u00e3o da f\u00e1brica da Ypi\u00f3ca, escrit\u00f3rio administrativo e um novo&hellip;<\/p>\n","protected":false},"author":1,"featured_media":0,"comment_status":"open","ping_status":"open","sticky":false,"template":"","format":"standard","meta":{"footnotes":""},"categories":[1],"tags":[],"class_list":["post-13763","post","type-post","status-publish","format-standard","hentry","category-noticias"],"_links":{"self":[{"href":"https:\/\/blogdorogeriogomes.com.br\/noticias\/wp-json\/wp\/v2\/posts\/13763","targetHints":{"allow":["GET"]}}],"collection":[{"href":"https:\/\/blogdorogeriogomes.com.br\/noticias\/wp-json\/wp\/v2\/posts"}],"about":[{"href":"https:\/\/blogdorogeriogomes.com.br\/noticias\/wp-json\/wp\/v2\/types\/post"}],"author":[{"embeddable":true,"href":"https:\/\/blogdorogeriogomes.com.br\/noticias\/wp-json\/wp\/v2\/users\/1"}],"replies":[{"embeddable":true,"href":"https:\/\/blogdorogeriogomes.com.br\/noticias\/wp-json\/wp\/v2\/comments?post=13763"}],"version-history":[{"count":1,"href":"https:\/\/blogdorogeriogomes.com.br\/noticias\/wp-json\/wp\/v2\/posts\/13763\/revisions"}],"predecessor-version":[{"id":13765,"href":"https:\/\/blogdorogeriogomes.com.br\/noticias\/wp-json\/wp\/v2\/posts\/13763\/revisions\/13765"}],"wp:attachment":[{"href":"https:\/\/blogdorogeriogomes.com.br\/noticias\/wp-json\/wp\/v2\/media?parent=13763"}],"wp:term":[{"taxonomy":"category","embeddable":true,"href":"https:\/\/blogdorogeriogomes.com.br\/noticias\/wp-json\/wp\/v2\/categories?post=13763"},{"taxonomy":"post_tag","embeddable":true,"href":"https:\/\/blogdorogeriogomes.com.br\/noticias\/wp-json\/wp\/v2\/tags?post=13763"}],"curies":[{"name":"wp","href":"https:\/\/api.w.org\/{rel}","templated":true}]}}