{"id":13770,"date":"2019-08-30T09:01:53","date_gmt":"2019-08-30T09:01:53","guid":{"rendered":"http:\/\/blogdorogeriogomes.com.br\/?p=13770"},"modified":"2019-08-30T09:01:53","modified_gmt":"2019-08-30T09:01:53","slug":"produtos-brasileiros-da-pauta-de-exportacao-enfrentam-ameaca-de-boicote-por-causa-de-incendios","status":"publish","type":"post","link":"https:\/\/blogdorogeriogomes.com.br\/noticias\/2019\/08\/produtos-brasileiros-da-pauta-de-exportacao-enfrentam-ameaca-de-boicote-por-causa-de-incendios\/","title":{"rendered":"Produtos brasileiros da pauta de exporta\u00e7\u00e3o enfrentam amea\u00e7a de boicote por causa de inc\u00eandios"},"content":{"rendered":"<p><img loading=\"lazy\" decoding=\"async\" class=\"alignnone size-medium wp-image-13771\" src=\"http:\/\/blogdorogeriogomes.com.br\/wp-content\/uploads\/2019\/08\/IMG_20190830_055754_093-300x213.jpg\" alt=\"IMG_20190830_055754_093\" width=\"300\" height=\"213\" srcset=\"https:\/\/blogdorogeriogomes.com.br\/noticias\/wp-content\/uploads\/2019\/08\/IMG_20190830_055754_093-300x213.jpg 300w, https:\/\/blogdorogeriogomes.com.br\/noticias\/wp-content\/uploads\/2019\/08\/IMG_20190830_055754_093.jpg 592w\" sizes=\"auto, (max-width: 300px) 100vw, 300px\" \/><\/p>\n<p>Enquanto o Governo Federal n\u00e3o consegue controlar em definitivo os inc\u00eandios na Amaz\u00f4nia, a repercuss\u00e3o mundial sobre o desmatamento e as queimadas na floresta tem gerado os primeiros sinais de impacto comercial para o Brasil. Empresas multinacionais amea\u00e7am boicotar a importa\u00e7\u00e3o de produtos nacionais enquanto a situa\u00e7\u00e3o n\u00e3o for resolvida.<br \/>\nEntre os produtos sob amea\u00e7a est\u00e3o o couro, soja e carne exportado pelo Brasil. O conglomerado americano dono da Vans e de outras 17 marcas de roupa anunciou que dever\u00e1 cessar a importa\u00e7\u00e3o de couro nacional. A maior produtora norueguesa de salm\u00e3o pensa em boicotar a soja brasileira, e a multinacional de alimentos Nestl\u00e9 fala em reavaliar fornecedores de carne e cacau comprados do Brasil.<\/p>\n","protected":false},"excerpt":{"rendered":"<p>Enquanto o Governo Federal n\u00e3o consegue controlar em definitivo os inc\u00eandios na Amaz\u00f4nia, a repercuss\u00e3o mundial sobre o desmatamento e as queimadas na floresta tem gerado os primeiros sinais de impacto comercial para o Brasil. Empresas multinacionais amea\u00e7am boicotar a importa\u00e7\u00e3o de produtos nacionais enquanto a situa\u00e7\u00e3o n\u00e3o for resolvida. Entre os produtos sob amea\u00e7a est\u00e3o o couro, soja e carne exportado pelo Brasil. O conglomerado americano dono da Vans e de outras 17 marcas de roupa anunciou que&hellip;<\/p>\n","protected":false},"author":1,"featured_media":0,"comment_status":"open","ping_status":"open","sticky":false,"template":"","format":"standard","meta":{"footnotes":""},"categories":[1],"tags":[],"class_list":["post-13770","post","type-post","status-publish","format-standard","hentry","category-noticias"],"_links":{"self":[{"href":"https:\/\/blogdorogeriogomes.com.br\/noticias\/wp-json\/wp\/v2\/posts\/13770","targetHints":{"allow":["GET"]}}],"collection":[{"href":"https:\/\/blogdorogeriogomes.com.br\/noticias\/wp-json\/wp\/v2\/posts"}],"about":[{"href":"https:\/\/blogdorogeriogomes.com.br\/noticias\/wp-json\/wp\/v2\/types\/post"}],"author":[{"embeddable":true,"href":"https:\/\/blogdorogeriogomes.com.br\/noticias\/wp-json\/wp\/v2\/users\/1"}],"replies":[{"embeddable":true,"href":"https:\/\/blogdorogeriogomes.com.br\/noticias\/wp-json\/wp\/v2\/comments?post=13770"}],"version-history":[{"count":1,"href":"https:\/\/blogdorogeriogomes.com.br\/noticias\/wp-json\/wp\/v2\/posts\/13770\/revisions"}],"predecessor-version":[{"id":13772,"href":"https:\/\/blogdorogeriogomes.com.br\/noticias\/wp-json\/wp\/v2\/posts\/13770\/revisions\/13772"}],"wp:attachment":[{"href":"https:\/\/blogdorogeriogomes.com.br\/noticias\/wp-json\/wp\/v2\/media?parent=13770"}],"wp:term":[{"taxonomy":"category","embeddable":true,"href":"https:\/\/blogdorogeriogomes.com.br\/noticias\/wp-json\/wp\/v2\/categories?post=13770"},{"taxonomy":"post_tag","embeddable":true,"href":"https:\/\/blogdorogeriogomes.com.br\/noticias\/wp-json\/wp\/v2\/tags?post=13770"}],"curies":[{"name":"wp","href":"https:\/\/api.w.org\/{rel}","templated":true}]}}