{"id":13777,"date":"2019-08-30T21:10:17","date_gmt":"2019-08-30T21:10:17","guid":{"rendered":"http:\/\/blogdorogeriogomes.com.br\/?p=13777"},"modified":"2019-08-30T21:10:17","modified_gmt":"2019-08-30T21:10:17","slug":"ministerio-do-desenvolvimento-regional-inicia-testes-de-bombeamento-de-agua-do-sao-francisco","status":"publish","type":"post","link":"https:\/\/blogdorogeriogomes.com.br\/noticias\/2019\/08\/ministerio-do-desenvolvimento-regional-inicia-testes-de-bombeamento-de-agua-do-sao-francisco\/","title":{"rendered":"Minist\u00e9rio do Desenvolvimento Regional inicia testes de bombeamento de \u00e1gua do S\u00e3o Francisco"},"content":{"rendered":"<p><img loading=\"lazy\" decoding=\"async\" class=\"alignnone size-medium wp-image-13778\" src=\"http:\/\/blogdorogeriogomes.com.br\/wp-content\/uploads\/2019\/08\/IMG_20190830_180609_342-300x219.jpg\" alt=\"IMG_20190830_180609_342\" width=\"300\" height=\"219\" srcset=\"https:\/\/blogdorogeriogomes.com.br\/noticias\/wp-content\/uploads\/2019\/08\/IMG_20190830_180609_342-300x219.jpg 300w, https:\/\/blogdorogeriogomes.com.br\/noticias\/wp-content\/uploads\/2019\/08\/IMG_20190830_180609_342-768x560.jpg 768w, https:\/\/blogdorogeriogomes.com.br\/noticias\/wp-content\/uploads\/2019\/08\/IMG_20190830_180609_342-1024x746.jpg 1024w, https:\/\/blogdorogeriogomes.com.br\/noticias\/wp-content\/uploads\/2019\/08\/IMG_20190830_180609_342.jpg 1098w\" sizes=\"auto, (max-width: 300px) 100vw, 300px\" \/><\/p>\n<p>O Minist\u00e9rio do Desenvolvimento Regional prev\u00ea que a \u00e1gua da transposi\u00e7\u00e3o do Rio S\u00e3o Francisco deve come\u00e7ar a chegar no Cear\u00e1, a partir de mar\u00e7o de 2020. Nesta sexta-feira, dia 30 de agosto, o governador do Cear\u00e1, Camilo Santana, esteve em Salgueiro, no interior de Pernambuco, ao lado do ministro do Desenvolvimento Regional, Gustavo Canuto, para acompanhar os testes de bombeamento na terceira esta\u00e7\u00e3o elevat\u00f3ria, correspondente ao trecho EBI-3, maior esta\u00e7\u00e3o elevat\u00f3ria dos eixos Norte e Leste do Projeto S\u00e3o Francisco.<br \/>\nEst\u00e1 \u00e9 a \u00faltima esta\u00e7\u00e3o de bombeamento antes de chegar ao munic\u00edpio de Jati, na Regi\u00e3o do Cariri, no Cear\u00e1. Ocorrendo tudo bem com os testes, a \u00e1gua ser\u00e1 bombeada normalmente at\u00e9 Jati, ponto de capta\u00e7\u00e3o para o Cintur\u00e3o das \u00c1guas do Cear\u00e1 (CAC), empreendimento que abastecer\u00e1 a Regi\u00e3o Metropolitana de Fortaleza.<\/p>\n","protected":false},"excerpt":{"rendered":"<p>O Minist\u00e9rio do Desenvolvimento Regional prev\u00ea que a \u00e1gua da transposi\u00e7\u00e3o do Rio S\u00e3o Francisco deve come\u00e7ar a chegar no Cear\u00e1, a partir de mar\u00e7o de 2020. Nesta sexta-feira, dia 30 de agosto, o governador do Cear\u00e1, Camilo Santana, esteve em Salgueiro, no interior de Pernambuco, ao lado do ministro do Desenvolvimento Regional, Gustavo Canuto, para acompanhar os testes de bombeamento na terceira esta\u00e7\u00e3o elevat\u00f3ria, correspondente ao trecho EBI-3, maior esta\u00e7\u00e3o elevat\u00f3ria dos eixos Norte e Leste do Projeto&hellip;<\/p>\n","protected":false},"author":1,"featured_media":0,"comment_status":"open","ping_status":"open","sticky":false,"template":"","format":"standard","meta":{"footnotes":""},"categories":[1],"tags":[],"class_list":["post-13777","post","type-post","status-publish","format-standard","hentry","category-noticias"],"_links":{"self":[{"href":"https:\/\/blogdorogeriogomes.com.br\/noticias\/wp-json\/wp\/v2\/posts\/13777","targetHints":{"allow":["GET"]}}],"collection":[{"href":"https:\/\/blogdorogeriogomes.com.br\/noticias\/wp-json\/wp\/v2\/posts"}],"about":[{"href":"https:\/\/blogdorogeriogomes.com.br\/noticias\/wp-json\/wp\/v2\/types\/post"}],"author":[{"embeddable":true,"href":"https:\/\/blogdorogeriogomes.com.br\/noticias\/wp-json\/wp\/v2\/users\/1"}],"replies":[{"embeddable":true,"href":"https:\/\/blogdorogeriogomes.com.br\/noticias\/wp-json\/wp\/v2\/comments?post=13777"}],"version-history":[{"count":1,"href":"https:\/\/blogdorogeriogomes.com.br\/noticias\/wp-json\/wp\/v2\/posts\/13777\/revisions"}],"predecessor-version":[{"id":13779,"href":"https:\/\/blogdorogeriogomes.com.br\/noticias\/wp-json\/wp\/v2\/posts\/13777\/revisions\/13779"}],"wp:attachment":[{"href":"https:\/\/blogdorogeriogomes.com.br\/noticias\/wp-json\/wp\/v2\/media?parent=13777"}],"wp:term":[{"taxonomy":"category","embeddable":true,"href":"https:\/\/blogdorogeriogomes.com.br\/noticias\/wp-json\/wp\/v2\/categories?post=13777"},{"taxonomy":"post_tag","embeddable":true,"href":"https:\/\/blogdorogeriogomes.com.br\/noticias\/wp-json\/wp\/v2\/tags?post=13777"}],"curies":[{"name":"wp","href":"https:\/\/api.w.org\/{rel}","templated":true}]}}