{"id":13780,"date":"2019-08-31T13:10:58","date_gmt":"2019-08-31T13:10:58","guid":{"rendered":"http:\/\/blogdorogeriogomes.com.br\/?p=13780"},"modified":"2019-08-31T13:10:58","modified_gmt":"2019-08-31T13:10:58","slug":"cine-ceara-2019-e-aberto-em-fortaleza-no-clima-de-manifestacoes-politicas","status":"publish","type":"post","link":"https:\/\/blogdorogeriogomes.com.br\/noticias\/2019\/08\/cine-ceara-2019-e-aberto-em-fortaleza-no-clima-de-manifestacoes-politicas\/","title":{"rendered":"Cine Cear\u00e1 2019 \u00e9 aberto em Fortaleza no clima de manifesta\u00e7\u00f5es pol\u00edticas"},"content":{"rendered":"<p><img loading=\"lazy\" decoding=\"async\" class=\"alignnone size-medium wp-image-13781\" src=\"http:\/\/blogdorogeriogomes.com.br\/wp-content\/uploads\/2019\/08\/IMG_20190831_100716_155-300x200.jpg\" alt=\"IMG_20190831_100716_155\" width=\"300\" height=\"200\" srcset=\"https:\/\/blogdorogeriogomes.com.br\/noticias\/wp-content\/uploads\/2019\/08\/IMG_20190831_100716_155-300x200.jpg 300w, https:\/\/blogdorogeriogomes.com.br\/noticias\/wp-content\/uploads\/2019\/08\/IMG_20190831_100716_155.jpg 320w\" sizes=\"auto, (max-width: 300px) 100vw, 300px\" \/><\/p>\n<p>O 29\u00ba Cine Cear\u00e1 &#8211; Festival Ibero-Americano de Cinema foi aberto na noite desta sexta-feira, dia 30 de agosto, no Cineteatro S\u00e3o Luiz, em Fortaleza, no clima de manifesta\u00e7\u00f5es pol\u00edticas. E contou com presen\u00e7as ilustres como a atriz Fernanda Montenegro, e os ex-candidatos \u00e0 Presid\u00eancia da Rep\u00fablica, Ciro Gomes (PDT) e Fernando Haddad (PT), que estava na Capital cearense e participou de ato p\u00fablico \u201cLula Livre\u201d, na Pra\u00e7a da Gentilandia.<br \/>\nA noite foi de protestos contra os cortes do Governo Federal para os setores da cultura, a nomea\u00e7\u00e3o feita por Bolsonaro do reitor C\u00e2ndido Albuquerque para a UFC, tendo ele sido o terceiro na lista tr\u00edplice de escolha da comunidade universit\u00e1ria, e a defesa da Ancine.<br \/>\nNesta sexta-feira, dia 30, um pedido do Minist\u00e9rio P\u00fablico Federal resultou em decis\u00e3o judicial que levou ao afastamento de Christian de Castro da presid\u00eancia da Ag\u00eancia Nacional de Cinema, a Ancine.<\/p>\n","protected":false},"excerpt":{"rendered":"<p>O 29\u00ba Cine Cear\u00e1 &#8211; Festival Ibero-Americano de Cinema foi aberto na noite desta sexta-feira, dia 30 de agosto, no Cineteatro S\u00e3o Luiz, em Fortaleza, no clima de manifesta\u00e7\u00f5es pol\u00edticas. E contou com presen\u00e7as ilustres como a atriz Fernanda Montenegro, e os ex-candidatos \u00e0 Presid\u00eancia da Rep\u00fablica, Ciro Gomes (PDT) e Fernando Haddad (PT), que estava na Capital cearense e participou de ato p\u00fablico \u201cLula Livre\u201d, na Pra\u00e7a da Gentilandia. A noite foi de protestos contra os cortes do&hellip;<\/p>\n","protected":false},"author":1,"featured_media":0,"comment_status":"open","ping_status":"open","sticky":false,"template":"","format":"standard","meta":{"footnotes":""},"categories":[1],"tags":[],"class_list":["post-13780","post","type-post","status-publish","format-standard","hentry","category-noticias"],"_links":{"self":[{"href":"https:\/\/blogdorogeriogomes.com.br\/noticias\/wp-json\/wp\/v2\/posts\/13780","targetHints":{"allow":["GET"]}}],"collection":[{"href":"https:\/\/blogdorogeriogomes.com.br\/noticias\/wp-json\/wp\/v2\/posts"}],"about":[{"href":"https:\/\/blogdorogeriogomes.com.br\/noticias\/wp-json\/wp\/v2\/types\/post"}],"author":[{"embeddable":true,"href":"https:\/\/blogdorogeriogomes.com.br\/noticias\/wp-json\/wp\/v2\/users\/1"}],"replies":[{"embeddable":true,"href":"https:\/\/blogdorogeriogomes.com.br\/noticias\/wp-json\/wp\/v2\/comments?post=13780"}],"version-history":[{"count":1,"href":"https:\/\/blogdorogeriogomes.com.br\/noticias\/wp-json\/wp\/v2\/posts\/13780\/revisions"}],"predecessor-version":[{"id":13782,"href":"https:\/\/blogdorogeriogomes.com.br\/noticias\/wp-json\/wp\/v2\/posts\/13780\/revisions\/13782"}],"wp:attachment":[{"href":"https:\/\/blogdorogeriogomes.com.br\/noticias\/wp-json\/wp\/v2\/media?parent=13780"}],"wp:term":[{"taxonomy":"category","embeddable":true,"href":"https:\/\/blogdorogeriogomes.com.br\/noticias\/wp-json\/wp\/v2\/categories?post=13780"},{"taxonomy":"post_tag","embeddable":true,"href":"https:\/\/blogdorogeriogomes.com.br\/noticias\/wp-json\/wp\/v2\/tags?post=13780"}],"curies":[{"name":"wp","href":"https:\/\/api.w.org\/{rel}","templated":true}]}}