{"id":13783,"date":"2019-09-02T08:36:30","date_gmt":"2019-09-02T08:36:30","guid":{"rendered":"http:\/\/blogdorogeriogomes.com.br\/?p=13783"},"modified":"2019-09-02T08:36:30","modified_gmt":"2019-09-02T08:36:30","slug":"vereadores-de-fortaleza-discutem-mudancas-no-regimento-interno-da-camara","status":"publish","type":"post","link":"https:\/\/blogdorogeriogomes.com.br\/noticias\/2019\/09\/vereadores-de-fortaleza-discutem-mudancas-no-regimento-interno-da-camara\/","title":{"rendered":"Vereadores de Fortaleza discutem mudan\u00e7as no Regimento Interno da C\u00e2mara"},"content":{"rendered":"<p><img loading=\"lazy\" decoding=\"async\" class=\"alignnone size-medium wp-image-13784\" src=\"http:\/\/blogdorogeriogomes.com.br\/wp-content\/uploads\/2019\/09\/IMG_20190902_053139_856-300x200.jpg\" alt=\"IMG_20190902_053139_856\" width=\"300\" height=\"200\" srcset=\"https:\/\/blogdorogeriogomes.com.br\/noticias\/wp-content\/uploads\/2019\/09\/IMG_20190902_053139_856-300x200.jpg 300w, https:\/\/blogdorogeriogomes.com.br\/noticias\/wp-content\/uploads\/2019\/09\/IMG_20190902_053139_856-768x512.jpg 768w, https:\/\/blogdorogeriogomes.com.br\/noticias\/wp-content\/uploads\/2019\/09\/IMG_20190902_053139_856-1024x683.jpg 1024w\" sizes=\"auto, (max-width: 300px) 100vw, 300px\" \/><\/p>\n<p>Um dos projetos importantes que os vereadores de Fortaleza pretendem discutir e votar neste segundo semestre de 2019 \u00e9 o que altera o Regimento Interno da C\u00e2mara Municipal. A partir desta semana devem ser iniciados os debates na Casa.<br \/>\nO Regimento Interno \u00e9 que orienta o funcionamento do Legislativo Municipal. H\u00e1 propostas para modificar a ordem das sess\u00f5es plen\u00e1rias, a tramita\u00e7\u00e3o de projetos de lei e requerimentos, al\u00e9m das regras para abrir CPIs no Legislativo.<br \/>\nSer\u00e3o pelo menos dois meses de discuss\u00e3o do projeto e foi at\u00e9 formada uma Comiss\u00e3o de Revis\u00e3o, presidida pelo vereador Gardel Rolim (PDT), para conduzir os debates.<\/p>\n","protected":false},"excerpt":{"rendered":"<p>Um dos projetos importantes que os vereadores de Fortaleza pretendem discutir e votar neste segundo semestre de 2019 \u00e9 o que altera o Regimento Interno da C\u00e2mara Municipal. A partir desta semana devem ser iniciados os debates na Casa. O Regimento Interno \u00e9 que orienta o funcionamento do Legislativo Municipal. H\u00e1 propostas para modificar a ordem das sess\u00f5es plen\u00e1rias, a tramita\u00e7\u00e3o de projetos de lei e requerimentos, al\u00e9m das regras para abrir CPIs no Legislativo. Ser\u00e3o pelo menos dois&hellip;<\/p>\n","protected":false},"author":1,"featured_media":0,"comment_status":"open","ping_status":"open","sticky":false,"template":"","format":"standard","meta":{"footnotes":""},"categories":[1],"tags":[],"class_list":["post-13783","post","type-post","status-publish","format-standard","hentry","category-noticias"],"_links":{"self":[{"href":"https:\/\/blogdorogeriogomes.com.br\/noticias\/wp-json\/wp\/v2\/posts\/13783","targetHints":{"allow":["GET"]}}],"collection":[{"href":"https:\/\/blogdorogeriogomes.com.br\/noticias\/wp-json\/wp\/v2\/posts"}],"about":[{"href":"https:\/\/blogdorogeriogomes.com.br\/noticias\/wp-json\/wp\/v2\/types\/post"}],"author":[{"embeddable":true,"href":"https:\/\/blogdorogeriogomes.com.br\/noticias\/wp-json\/wp\/v2\/users\/1"}],"replies":[{"embeddable":true,"href":"https:\/\/blogdorogeriogomes.com.br\/noticias\/wp-json\/wp\/v2\/comments?post=13783"}],"version-history":[{"count":1,"href":"https:\/\/blogdorogeriogomes.com.br\/noticias\/wp-json\/wp\/v2\/posts\/13783\/revisions"}],"predecessor-version":[{"id":13785,"href":"https:\/\/blogdorogeriogomes.com.br\/noticias\/wp-json\/wp\/v2\/posts\/13783\/revisions\/13785"}],"wp:attachment":[{"href":"https:\/\/blogdorogeriogomes.com.br\/noticias\/wp-json\/wp\/v2\/media?parent=13783"}],"wp:term":[{"taxonomy":"category","embeddable":true,"href":"https:\/\/blogdorogeriogomes.com.br\/noticias\/wp-json\/wp\/v2\/categories?post=13783"},{"taxonomy":"post_tag","embeddable":true,"href":"https:\/\/blogdorogeriogomes.com.br\/noticias\/wp-json\/wp\/v2\/tags?post=13783"}],"curies":[{"name":"wp","href":"https:\/\/api.w.org\/{rel}","templated":true}]}}