{"id":13793,"date":"2019-09-02T20:44:53","date_gmt":"2019-09-02T20:44:53","guid":{"rendered":"http:\/\/blogdorogeriogomes.com.br\/?p=13793"},"modified":"2019-09-02T20:44:53","modified_gmt":"2019-09-02T20:44:53","slug":"ministerio-da-educacao-faz-novos-cortes-e-atinge-diretamente-pesquisadores","status":"publish","type":"post","link":"https:\/\/blogdorogeriogomes.com.br\/noticias\/2019\/09\/ministerio-da-educacao-faz-novos-cortes-e-atinge-diretamente-pesquisadores\/","title":{"rendered":"Minist\u00e9rio da Educa\u00e7\u00e3o faz novos cortes e atinge diretamente pesquisadores"},"content":{"rendered":"<p><em><\/em><em><\/em><img loading=\"lazy\" decoding=\"async\" class=\"alignnone size-medium wp-image-13794\" src=\"http:\/\/blogdorogeriogomes.com.br\/wp-content\/uploads\/2019\/09\/IMG_20190902_173613_421-300x211.jpg\" alt=\"IMG_20190902_173613_421\" width=\"300\" height=\"211\" srcset=\"https:\/\/blogdorogeriogomes.com.br\/noticias\/wp-content\/uploads\/2019\/09\/IMG_20190902_173613_421-300x211.jpg 300w, https:\/\/blogdorogeriogomes.com.br\/noticias\/wp-content\/uploads\/2019\/09\/IMG_20190902_173613_421.jpg 434w\" sizes=\"auto, (max-width: 300px) 100vw, 300px\" \/><\/p>\n<p>Novos cortes anunciados pelo Minist\u00e9rio da Educa\u00e7\u00e3o, que tem \u00e0 frente o ministro Abraham Weintraub, nesta segunda-feira, dia 2 de setembro, atingem diretamente bolsistas do Capes (Coordena\u00e7\u00e3o de Aperfei\u00e7oamento de Pessoal de N\u00edvel Superior). Ser\u00e3o cortadas um total de 11.811 bolsas de pesquisa financiadas pelo \u00f3rg\u00e3o, o equivalente a 10% das bolsas vigentes no in\u00edcio do ano. Com isso, nenhum novo pesquisador ser\u00e1 financiado ao longo de todo o ano de 2019. Bolsas j\u00e1 em andamento ser\u00e3o mantidas.<br \/>\nO novo corte representa o n\u00e3o investimento de R$ 37,8 milh\u00f5es no ano. A Capes teve R$ 819 milh\u00f5es de seu or\u00e7amento cortado. De acordo com a Folha de S. Paulo, a proposta or\u00e7ament\u00e1ria para 2020, elaborada pelo governo Bolsonaro reduz em 18% os recursos totais do Minist\u00e9rio da Educa\u00e7\u00e3o com rela\u00e7\u00e3o ao valores autorizados de 2019. Os cortes v\u00e3o afetar desde a educa\u00e7\u00e3o b\u00e1sica \u00e0 p\u00f3s-gradua\u00e7\u00e3o, mas o impacto ser\u00e1 muito maior no financiamento de pesquisas e nas contas de grandes universidades federais.<\/p>\n","protected":false},"excerpt":{"rendered":"<p>Novos cortes anunciados pelo Minist\u00e9rio da Educa\u00e7\u00e3o, que tem \u00e0 frente o ministro Abraham Weintraub, nesta segunda-feira, dia 2 de setembro, atingem diretamente bolsistas do Capes (Coordena\u00e7\u00e3o de Aperfei\u00e7oamento de Pessoal de N\u00edvel Superior). Ser\u00e3o cortadas um total de 11.811 bolsas de pesquisa financiadas pelo \u00f3rg\u00e3o, o equivalente a 10% das bolsas vigentes no in\u00edcio do ano. Com isso, nenhum novo pesquisador ser\u00e1 financiado ao longo de todo o ano de 2019. Bolsas j\u00e1 em andamento ser\u00e3o mantidas. O&hellip;<\/p>\n","protected":false},"author":1,"featured_media":0,"comment_status":"open","ping_status":"open","sticky":false,"template":"","format":"standard","meta":{"footnotes":""},"categories":[1],"tags":[],"class_list":["post-13793","post","type-post","status-publish","format-standard","hentry","category-noticias"],"_links":{"self":[{"href":"https:\/\/blogdorogeriogomes.com.br\/noticias\/wp-json\/wp\/v2\/posts\/13793","targetHints":{"allow":["GET"]}}],"collection":[{"href":"https:\/\/blogdorogeriogomes.com.br\/noticias\/wp-json\/wp\/v2\/posts"}],"about":[{"href":"https:\/\/blogdorogeriogomes.com.br\/noticias\/wp-json\/wp\/v2\/types\/post"}],"author":[{"embeddable":true,"href":"https:\/\/blogdorogeriogomes.com.br\/noticias\/wp-json\/wp\/v2\/users\/1"}],"replies":[{"embeddable":true,"href":"https:\/\/blogdorogeriogomes.com.br\/noticias\/wp-json\/wp\/v2\/comments?post=13793"}],"version-history":[{"count":1,"href":"https:\/\/blogdorogeriogomes.com.br\/noticias\/wp-json\/wp\/v2\/posts\/13793\/revisions"}],"predecessor-version":[{"id":13795,"href":"https:\/\/blogdorogeriogomes.com.br\/noticias\/wp-json\/wp\/v2\/posts\/13793\/revisions\/13795"}],"wp:attachment":[{"href":"https:\/\/blogdorogeriogomes.com.br\/noticias\/wp-json\/wp\/v2\/media?parent=13793"}],"wp:term":[{"taxonomy":"category","embeddable":true,"href":"https:\/\/blogdorogeriogomes.com.br\/noticias\/wp-json\/wp\/v2\/categories?post=13793"},{"taxonomy":"post_tag","embeddable":true,"href":"https:\/\/blogdorogeriogomes.com.br\/noticias\/wp-json\/wp\/v2\/tags?post=13793"}],"curies":[{"name":"wp","href":"https:\/\/api.w.org\/{rel}","templated":true}]}}