{"id":13800,"date":"2019-09-03T09:47:33","date_gmt":"2019-09-03T09:47:33","guid":{"rendered":"http:\/\/blogdorogeriogomes.com.br\/?p=13800"},"modified":"2019-09-03T09:47:33","modified_gmt":"2019-09-03T09:47:33","slug":"prefeitura-entrega-nova-pousada-social-para-moradores-de-rua-no-centro-de-fortaleza","status":"publish","type":"post","link":"https:\/\/blogdorogeriogomes.com.br\/noticias\/2019\/09\/prefeitura-entrega-nova-pousada-social-para-moradores-de-rua-no-centro-de-fortaleza\/","title":{"rendered":"Prefeitura entrega nova Pousada Social para moradores de rua no Centro de Fortaleza"},"content":{"rendered":"<p><img loading=\"lazy\" decoding=\"async\" class=\"alignnone size-medium wp-image-13801\" src=\"http:\/\/blogdorogeriogomes.com.br\/wp-content\/uploads\/2019\/09\/IMG_20190903_064254_824-300x226.jpg\" alt=\"IMG_20190903_064254_824\" width=\"300\" height=\"226\" srcset=\"https:\/\/blogdorogeriogomes.com.br\/noticias\/wp-content\/uploads\/2019\/09\/IMG_20190903_064254_824-300x226.jpg 300w, https:\/\/blogdorogeriogomes.com.br\/noticias\/wp-content\/uploads\/2019\/09\/IMG_20190903_064254_824.jpg 595w\" sizes=\"auto, (max-width: 300px) 100vw, 300px\" \/><\/p>\n<p>A situa\u00e7\u00e3o dos moradores de rua no Centro de Fortaleza ainda provoca muita reclama\u00e7\u00e3o de comerciantes, principalmente, quem transita pela Pra\u00e7a do Ferreira. Nesta segunda-feira, dia 2 de setembro, o prefeito Roberto Cl\u00e1udio inaugurou, a Pousada Social para Pessoas em Situa\u00e7\u00e3o de Rua Meire Hellen de Oliveira Jardim. O equipamento, instalado no Centro da Cidade, tem o objetivo de tentar minimizar o quadro de vulnerabilidade social de quem vive na rua.<br \/>\nA unidade funcionar\u00e1, diariamente, das 20h \u00e0s 8h e oferecer\u00e1 acolhida noturna, segura e tempor\u00e1ria a homens, mulheres e fam\u00edlias acompanhadas pelo Centro de Conviv\u00eancia e pelos Centros de Refer\u00eancia para Popula\u00e7\u00e3o em Situa\u00e7\u00e3o de Rua (Centros Pop), localizados no Centro e no Benfica. Para a finalidade, 100 vagas ser\u00e3o ofertadas.<br \/>\nAl\u00e9m da Pousada Social rec\u00e9m-inaugurada, o Munic\u00edpio conta com outra unidade localizada na Rua Sol\u00f3n Pinheiro, tamb\u00e9m no Centro, disponibilizando 100 vagas di\u00e1rias.<\/p>\n","protected":false},"excerpt":{"rendered":"<p>A situa\u00e7\u00e3o dos moradores de rua no Centro de Fortaleza ainda provoca muita reclama\u00e7\u00e3o de comerciantes, principalmente, quem transita pela Pra\u00e7a do Ferreira. Nesta segunda-feira, dia 2 de setembro, o prefeito Roberto Cl\u00e1udio inaugurou, a Pousada Social para Pessoas em Situa\u00e7\u00e3o de Rua Meire Hellen de Oliveira Jardim. O equipamento, instalado no Centro da Cidade, tem o objetivo de tentar minimizar o quadro de vulnerabilidade social de quem vive na rua. A unidade funcionar\u00e1, diariamente, das 20h \u00e0s 8h&hellip;<\/p>\n","protected":false},"author":1,"featured_media":0,"comment_status":"open","ping_status":"open","sticky":false,"template":"","format":"standard","meta":{"footnotes":""},"categories":[1],"tags":[],"class_list":["post-13800","post","type-post","status-publish","format-standard","hentry","category-noticias"],"_links":{"self":[{"href":"https:\/\/blogdorogeriogomes.com.br\/noticias\/wp-json\/wp\/v2\/posts\/13800","targetHints":{"allow":["GET"]}}],"collection":[{"href":"https:\/\/blogdorogeriogomes.com.br\/noticias\/wp-json\/wp\/v2\/posts"}],"about":[{"href":"https:\/\/blogdorogeriogomes.com.br\/noticias\/wp-json\/wp\/v2\/types\/post"}],"author":[{"embeddable":true,"href":"https:\/\/blogdorogeriogomes.com.br\/noticias\/wp-json\/wp\/v2\/users\/1"}],"replies":[{"embeddable":true,"href":"https:\/\/blogdorogeriogomes.com.br\/noticias\/wp-json\/wp\/v2\/comments?post=13800"}],"version-history":[{"count":1,"href":"https:\/\/blogdorogeriogomes.com.br\/noticias\/wp-json\/wp\/v2\/posts\/13800\/revisions"}],"predecessor-version":[{"id":13802,"href":"https:\/\/blogdorogeriogomes.com.br\/noticias\/wp-json\/wp\/v2\/posts\/13800\/revisions\/13802"}],"wp:attachment":[{"href":"https:\/\/blogdorogeriogomes.com.br\/noticias\/wp-json\/wp\/v2\/media?parent=13800"}],"wp:term":[{"taxonomy":"category","embeddable":true,"href":"https:\/\/blogdorogeriogomes.com.br\/noticias\/wp-json\/wp\/v2\/categories?post=13800"},{"taxonomy":"post_tag","embeddable":true,"href":"https:\/\/blogdorogeriogomes.com.br\/noticias\/wp-json\/wp\/v2\/tags?post=13800"}],"curies":[{"name":"wp","href":"https:\/\/api.w.org\/{rel}","templated":true}]}}