{"id":13806,"date":"2019-09-03T21:11:00","date_gmt":"2019-09-03T21:11:00","guid":{"rendered":"http:\/\/blogdorogeriogomes.com.br\/?p=13806"},"modified":"2019-09-03T21:11:00","modified_gmt":"2019-09-03T21:11:00","slug":"senadores-apresentam-mais-de-460-emendas-ao-projeto-de-reforma-da-previdencia","status":"publish","type":"post","link":"https:\/\/blogdorogeriogomes.com.br\/noticias\/2019\/09\/senadores-apresentam-mais-de-460-emendas-ao-projeto-de-reforma-da-previdencia\/","title":{"rendered":"Senadores apresentam mais de 460 emendas ao projeto de reforma da Previd\u00eancia"},"content":{"rendered":"<p><img loading=\"lazy\" decoding=\"async\" class=\"alignnone size-medium wp-image-13807\" src=\"http:\/\/blogdorogeriogomes.com.br\/wp-content\/uploads\/2019\/09\/IMG_20190903_180609_647-300x243.jpg\" alt=\"IMG_20190903_180609_647\" width=\"300\" height=\"243\" srcset=\"https:\/\/blogdorogeriogomes.com.br\/noticias\/wp-content\/uploads\/2019\/09\/IMG_20190903_180609_647-300x243.jpg 300w, https:\/\/blogdorogeriogomes.com.br\/noticias\/wp-content\/uploads\/2019\/09\/IMG_20190903_180609_647.jpg 525w\" sizes=\"auto, (max-width: 300px) 100vw, 300px\" \/><\/p>\n<p>Terminou o prazo para emendas ao projeto de reforma da Previd\u00eancia no Senado Federal. O relator, senador cearense Tasso Jereissati (PSDB), deve apresentar um novo parecer nesta quarta-feira, dia 4 de setembro, na Comiss\u00e3o de Constitui\u00e7\u00e3o e Justi\u00e7a (CCJ). Foram apresentadas mais de 460 emendas pelos senadores, o que supera as 277 emendas apresentadas quando a PEC (proposta de emenda \u00e0 Constitui\u00e7\u00e3o) estava na C\u00e2mara dos Deputados.<br \/>\nAs emendas podem ser acatadas ou n\u00e3o pelo relator. As que ele entender como pertinentes s\u00e3o inclu\u00eddas no relat\u00f3rio para a vota\u00e7\u00e3o na comiss\u00e3o. A maioria das sugest\u00f5es de mudan\u00e7as na reforma da Previd\u00eancia foi apresentada por senadores do PT, PSB, Rede e PDT.<\/p>\n","protected":false},"excerpt":{"rendered":"<p>Terminou o prazo para emendas ao projeto de reforma da Previd\u00eancia no Senado Federal. O relator, senador cearense Tasso Jereissati (PSDB), deve apresentar um novo parecer nesta quarta-feira, dia 4 de setembro, na Comiss\u00e3o de Constitui\u00e7\u00e3o e Justi\u00e7a (CCJ). Foram apresentadas mais de 460 emendas pelos senadores, o que supera as 277 emendas apresentadas quando a PEC (proposta de emenda \u00e0 Constitui\u00e7\u00e3o) estava na C\u00e2mara dos Deputados. As emendas podem ser acatadas ou n\u00e3o pelo relator. As que ele&hellip;<\/p>\n","protected":false},"author":1,"featured_media":0,"comment_status":"open","ping_status":"open","sticky":false,"template":"","format":"standard","meta":{"footnotes":""},"categories":[1],"tags":[],"class_list":["post-13806","post","type-post","status-publish","format-standard","hentry","category-noticias"],"_links":{"self":[{"href":"https:\/\/blogdorogeriogomes.com.br\/noticias\/wp-json\/wp\/v2\/posts\/13806","targetHints":{"allow":["GET"]}}],"collection":[{"href":"https:\/\/blogdorogeriogomes.com.br\/noticias\/wp-json\/wp\/v2\/posts"}],"about":[{"href":"https:\/\/blogdorogeriogomes.com.br\/noticias\/wp-json\/wp\/v2\/types\/post"}],"author":[{"embeddable":true,"href":"https:\/\/blogdorogeriogomes.com.br\/noticias\/wp-json\/wp\/v2\/users\/1"}],"replies":[{"embeddable":true,"href":"https:\/\/blogdorogeriogomes.com.br\/noticias\/wp-json\/wp\/v2\/comments?post=13806"}],"version-history":[{"count":1,"href":"https:\/\/blogdorogeriogomes.com.br\/noticias\/wp-json\/wp\/v2\/posts\/13806\/revisions"}],"predecessor-version":[{"id":13808,"href":"https:\/\/blogdorogeriogomes.com.br\/noticias\/wp-json\/wp\/v2\/posts\/13806\/revisions\/13808"}],"wp:attachment":[{"href":"https:\/\/blogdorogeriogomes.com.br\/noticias\/wp-json\/wp\/v2\/media?parent=13806"}],"wp:term":[{"taxonomy":"category","embeddable":true,"href":"https:\/\/blogdorogeriogomes.com.br\/noticias\/wp-json\/wp\/v2\/categories?post=13806"},{"taxonomy":"post_tag","embeddable":true,"href":"https:\/\/blogdorogeriogomes.com.br\/noticias\/wp-json\/wp\/v2\/tags?post=13806"}],"curies":[{"name":"wp","href":"https:\/\/api.w.org\/{rel}","templated":true}]}}