{"id":13809,"date":"2019-09-03T21:19:56","date_gmt":"2019-09-03T21:19:56","guid":{"rendered":"http:\/\/blogdorogeriogomes.com.br\/?p=13809"},"modified":"2019-09-03T21:19:56","modified_gmt":"2019-09-03T21:19:56","slug":"aprovados-no-concurso-da-secretaria-de-cultura-serao-chamados-pelo-estado-em-5-de-novembro","status":"publish","type":"post","link":"https:\/\/blogdorogeriogomes.com.br\/noticias\/2019\/09\/aprovados-no-concurso-da-secretaria-de-cultura-serao-chamados-pelo-estado-em-5-de-novembro\/","title":{"rendered":"Aprovados no concurso da Secretaria de Cultura ser\u00e3o chamados pelo Estado em 5 de novembro"},"content":{"rendered":"<p><img loading=\"lazy\" decoding=\"async\" class=\"alignnone size-medium wp-image-13811\" src=\"http:\/\/blogdorogeriogomes.com.br\/wp-content\/uploads\/2019\/09\/IMG_20190903_181554_362-300x200.jpg\" alt=\"IMG_20190903_181554_362\" width=\"300\" height=\"200\" srcset=\"https:\/\/blogdorogeriogomes.com.br\/noticias\/wp-content\/uploads\/2019\/09\/IMG_20190903_181554_362-300x200.jpg 300w, https:\/\/blogdorogeriogomes.com.br\/noticias\/wp-content\/uploads\/2019\/09\/IMG_20190903_181554_362-768x512.jpg 768w, https:\/\/blogdorogeriogomes.com.br\/noticias\/wp-content\/uploads\/2019\/09\/IMG_20190903_181554_362-1024x683.jpg 1024w, https:\/\/blogdorogeriogomes.com.br\/noticias\/wp-content\/uploads\/2019\/09\/IMG_20190903_181554_362.jpg 1200w\" sizes=\"auto, (max-width: 300px) 100vw, 300px\" \/><\/p>\n<p>O Governo do Estado confirma que os 102 aprovados no primeiro concurso p\u00fablico da hist\u00f3ria da Secretaria de Cultura do Cear\u00e1 (Secult) v\u00e3o ser convocados para seus cargos a partir do dia 5 de novembro.<br \/>\nNos seus 53 anos de exist\u00eancia, esse foi o primeiro concurso p\u00fablico realizado pela Secult para a contrata\u00e7\u00e3o de servidores de carreira. O processo seletivo estava contemplado em uma das metas estabelecidas na Lei do Plano Estadual de Cultura, sancionada em 2016 pelo governador Camilo Santana. Dia 5 de novembro \u00e9 o Dia Nacional da Cultura.<\/p>\n","protected":false},"excerpt":{"rendered":"<p>O Governo do Estado confirma que os 102 aprovados no primeiro concurso p\u00fablico da hist\u00f3ria da Secretaria de Cultura do Cear\u00e1 (Secult) v\u00e3o ser convocados para seus cargos a partir do dia 5 de novembro. Nos seus 53 anos de exist\u00eancia, esse foi o primeiro concurso p\u00fablico realizado pela Secult para a contrata\u00e7\u00e3o de servidores de carreira. O processo seletivo estava contemplado em uma das metas estabelecidas na Lei do Plano Estadual de Cultura, sancionada em 2016 pelo governador&hellip;<\/p>\n","protected":false},"author":1,"featured_media":0,"comment_status":"open","ping_status":"open","sticky":false,"template":"","format":"standard","meta":{"footnotes":""},"categories":[1],"tags":[],"class_list":["post-13809","post","type-post","status-publish","format-standard","hentry","category-noticias"],"_links":{"self":[{"href":"https:\/\/blogdorogeriogomes.com.br\/noticias\/wp-json\/wp\/v2\/posts\/13809","targetHints":{"allow":["GET"]}}],"collection":[{"href":"https:\/\/blogdorogeriogomes.com.br\/noticias\/wp-json\/wp\/v2\/posts"}],"about":[{"href":"https:\/\/blogdorogeriogomes.com.br\/noticias\/wp-json\/wp\/v2\/types\/post"}],"author":[{"embeddable":true,"href":"https:\/\/blogdorogeriogomes.com.br\/noticias\/wp-json\/wp\/v2\/users\/1"}],"replies":[{"embeddable":true,"href":"https:\/\/blogdorogeriogomes.com.br\/noticias\/wp-json\/wp\/v2\/comments?post=13809"}],"version-history":[{"count":1,"href":"https:\/\/blogdorogeriogomes.com.br\/noticias\/wp-json\/wp\/v2\/posts\/13809\/revisions"}],"predecessor-version":[{"id":13812,"href":"https:\/\/blogdorogeriogomes.com.br\/noticias\/wp-json\/wp\/v2\/posts\/13809\/revisions\/13812"}],"wp:attachment":[{"href":"https:\/\/blogdorogeriogomes.com.br\/noticias\/wp-json\/wp\/v2\/media?parent=13809"}],"wp:term":[{"taxonomy":"category","embeddable":true,"href":"https:\/\/blogdorogeriogomes.com.br\/noticias\/wp-json\/wp\/v2\/categories?post=13809"},{"taxonomy":"post_tag","embeddable":true,"href":"https:\/\/blogdorogeriogomes.com.br\/noticias\/wp-json\/wp\/v2\/tags?post=13809"}],"curies":[{"name":"wp","href":"https:\/\/api.w.org\/{rel}","templated":true}]}}