{"id":13813,"date":"2019-09-04T09:03:57","date_gmt":"2019-09-04T09:03:57","guid":{"rendered":"http:\/\/blogdorogeriogomes.com.br\/?p=13813"},"modified":"2019-09-04T09:03:57","modified_gmt":"2019-09-04T09:03:57","slug":"terminal-de-passageiros-do-mucuripe-entra-na-lista-de-privatizacoes-no-proximo-ano","status":"publish","type":"post","link":"https:\/\/blogdorogeriogomes.com.br\/noticias\/2019\/09\/terminal-de-passageiros-do-mucuripe-entra-na-lista-de-privatizacoes-no-proximo-ano\/","title":{"rendered":"Terminal de Passageiros do Mucuripe entra na lista de privatiza\u00e7\u00f5es no pr\u00f3ximo ano"},"content":{"rendered":"<p><img loading=\"lazy\" decoding=\"async\" class=\"alignnone size-medium wp-image-13814\" src=\"http:\/\/blogdorogeriogomes.com.br\/wp-content\/uploads\/2019\/09\/IMG_20190904_055801_097-300x200.jpg\" alt=\"IMG_20190904_055801_097\" width=\"300\" height=\"200\" srcset=\"https:\/\/blogdorogeriogomes.com.br\/noticias\/wp-content\/uploads\/2019\/09\/IMG_20190904_055801_097-300x200.jpg 300w, https:\/\/blogdorogeriogomes.com.br\/noticias\/wp-content\/uploads\/2019\/09\/IMG_20190904_055801_097.jpg 678w\" sizes=\"auto, (max-width: 300px) 100vw, 300px\" \/><\/p>\n<p>O Terminal Mar\u00edtimo de Passageiros do Porto do Mucuripe, em Fortaleza, vai entrar na lista de concess\u00f5es do Governo Federal para a iniciativa privada. O processo deve acontecer entre abril e julho de 2020.<br \/>\nA confirma\u00e7\u00e3o partiu da Companhia Docas do Cear\u00e1, que administra o Porto do Mucuripe, ap\u00f3s o ministro da Infraestrutura, Tarc\u00edsio Gomes de Freitas, ter afirmado nas redes sociais que o Governo Federal vai conceder terminais portu\u00e1rios. A medida n\u00e3o afetaria as opera\u00e7\u00f5es de carga dos portos.<br \/>\nA ideia principal com a concess\u00e3o do terminal \u00e9 fomentar o turismo. Quanto ao aumento de cruzeiros no Porto do Mucuripe, a Secretaria de Turismo do Estado avalia que \u00e9 necess\u00e1rio mais investimentos no terminal. As negocia\u00e7\u00f5es do Governo do Estado com setores ligados \u00e0s rotas dos cruzeiros internacionais no Pa\u00eds \u00e9 para a cria\u00e7\u00e3o de uma rota ligando Santos, Rio de Janeiro, Salvador, Recife e Fortaleza.<\/p>\n","protected":false},"excerpt":{"rendered":"<p>O Terminal Mar\u00edtimo de Passageiros do Porto do Mucuripe, em Fortaleza, vai entrar na lista de concess\u00f5es do Governo Federal para a iniciativa privada. O processo deve acontecer entre abril e julho de 2020. A confirma\u00e7\u00e3o partiu da Companhia Docas do Cear\u00e1, que administra o Porto do Mucuripe, ap\u00f3s o ministro da Infraestrutura, Tarc\u00edsio Gomes de Freitas, ter afirmado nas redes sociais que o Governo Federal vai conceder terminais portu\u00e1rios. A medida n\u00e3o afetaria as opera\u00e7\u00f5es de carga dos&hellip;<\/p>\n","protected":false},"author":1,"featured_media":0,"comment_status":"open","ping_status":"open","sticky":false,"template":"","format":"standard","meta":{"footnotes":""},"categories":[1],"tags":[],"class_list":["post-13813","post","type-post","status-publish","format-standard","hentry","category-noticias"],"_links":{"self":[{"href":"https:\/\/blogdorogeriogomes.com.br\/noticias\/wp-json\/wp\/v2\/posts\/13813","targetHints":{"allow":["GET"]}}],"collection":[{"href":"https:\/\/blogdorogeriogomes.com.br\/noticias\/wp-json\/wp\/v2\/posts"}],"about":[{"href":"https:\/\/blogdorogeriogomes.com.br\/noticias\/wp-json\/wp\/v2\/types\/post"}],"author":[{"embeddable":true,"href":"https:\/\/blogdorogeriogomes.com.br\/noticias\/wp-json\/wp\/v2\/users\/1"}],"replies":[{"embeddable":true,"href":"https:\/\/blogdorogeriogomes.com.br\/noticias\/wp-json\/wp\/v2\/comments?post=13813"}],"version-history":[{"count":1,"href":"https:\/\/blogdorogeriogomes.com.br\/noticias\/wp-json\/wp\/v2\/posts\/13813\/revisions"}],"predecessor-version":[{"id":13815,"href":"https:\/\/blogdorogeriogomes.com.br\/noticias\/wp-json\/wp\/v2\/posts\/13813\/revisions\/13815"}],"wp:attachment":[{"href":"https:\/\/blogdorogeriogomes.com.br\/noticias\/wp-json\/wp\/v2\/media?parent=13813"}],"wp:term":[{"taxonomy":"category","embeddable":true,"href":"https:\/\/blogdorogeriogomes.com.br\/noticias\/wp-json\/wp\/v2\/categories?post=13813"},{"taxonomy":"post_tag","embeddable":true,"href":"https:\/\/blogdorogeriogomes.com.br\/noticias\/wp-json\/wp\/v2\/tags?post=13813"}],"curies":[{"name":"wp","href":"https:\/\/api.w.org\/{rel}","templated":true}]}}