{"id":13816,"date":"2019-09-04T09:23:09","date_gmt":"2019-09-04T09:23:09","guid":{"rendered":"http:\/\/blogdorogeriogomes.com.br\/?p=13816"},"modified":"2019-09-04T09:23:09","modified_gmt":"2019-09-04T09:23:09","slug":"senado-aprova-divisao-de-recursos-do-pre-sal-entre-estados-e-municipios","status":"publish","type":"post","link":"https:\/\/blogdorogeriogomes.com.br\/noticias\/2019\/09\/senado-aprova-divisao-de-recursos-do-pre-sal-entre-estados-e-municipios\/","title":{"rendered":"Senado aprova divis\u00e3o de recursos do pr\u00e9-sal entre estados e munic\u00edpios"},"content":{"rendered":"<p><img loading=\"lazy\" decoding=\"async\" class=\"alignnone size-medium wp-image-13818\" src=\"http:\/\/blogdorogeriogomes.com.br\/wp-content\/uploads\/2019\/09\/IMG_20190904_061955_234-300x186.jpg\" alt=\"IMG_20190904_061955_234\" width=\"300\" height=\"186\" srcset=\"https:\/\/blogdorogeriogomes.com.br\/noticias\/wp-content\/uploads\/2019\/09\/IMG_20190904_061955_234-300x186.jpg 300w, https:\/\/blogdorogeriogomes.com.br\/noticias\/wp-content\/uploads\/2019\/09\/IMG_20190904_061955_234.jpg 601w\" sizes=\"auto, (max-width: 300px) 100vw, 300px\" \/><\/p>\n<p>O Senado Federal aprovou, nesta ter\u00e7a-feira, dia 3 de setembro, a Proposta de Emenda \u00e0 Constitui\u00e7\u00e3o que obriga a Uni\u00e3o dividir com estados e munic\u00edpios parte dos recursos oriundos de leil\u00f5es de petr\u00f3leo. O acordo da chamada &#8220;cess\u00e3o onerosa&#8221; foi fechado entre Petrobras e Uni\u00e3o em 2010 e permitiu \u00e0 estatal explorar 5 bilh\u00f5es de barris de petr\u00f3leo na Bacia de Santos, sem licita\u00e7\u00e3o.<br \/>\nO Governo Federal prev\u00ea que a \u00e1rea pode render mais 6 bilh\u00f5es de barris e far\u00e1 um megaleil\u00e3o, marcado para novembro, que pode render R$ 106 bilh\u00f5es aos cofres p\u00fablicos.<br \/>\nDurante a sess\u00e3o, que votou a PEC, o senador cearense Cid Gomes, relator da mat\u00e9ria, se sentiu mal durante o pronunciamento no plen\u00e1rio. Cid teve uma queda de press\u00e3o. Ap\u00f3s recuperado, o senador concluiu a leitura do relat\u00f3rio, que foi votado e aprovado pelos senadores.<\/p>\n","protected":false},"excerpt":{"rendered":"<p>O Senado Federal aprovou, nesta ter\u00e7a-feira, dia 3 de setembro, a Proposta de Emenda \u00e0 Constitui\u00e7\u00e3o que obriga a Uni\u00e3o dividir com estados e munic\u00edpios parte dos recursos oriundos de leil\u00f5es de petr\u00f3leo. O acordo da chamada &#8220;cess\u00e3o onerosa&#8221; foi fechado entre Petrobras e Uni\u00e3o em 2010 e permitiu \u00e0 estatal explorar 5 bilh\u00f5es de barris de petr\u00f3leo na Bacia de Santos, sem licita\u00e7\u00e3o. O Governo Federal prev\u00ea que a \u00e1rea pode render mais 6 bilh\u00f5es de barris e&hellip;<\/p>\n","protected":false},"author":1,"featured_media":0,"comment_status":"open","ping_status":"open","sticky":false,"template":"","format":"standard","meta":{"footnotes":""},"categories":[1],"tags":[],"class_list":["post-13816","post","type-post","status-publish","format-standard","hentry","category-noticias"],"_links":{"self":[{"href":"https:\/\/blogdorogeriogomes.com.br\/noticias\/wp-json\/wp\/v2\/posts\/13816","targetHints":{"allow":["GET"]}}],"collection":[{"href":"https:\/\/blogdorogeriogomes.com.br\/noticias\/wp-json\/wp\/v2\/posts"}],"about":[{"href":"https:\/\/blogdorogeriogomes.com.br\/noticias\/wp-json\/wp\/v2\/types\/post"}],"author":[{"embeddable":true,"href":"https:\/\/blogdorogeriogomes.com.br\/noticias\/wp-json\/wp\/v2\/users\/1"}],"replies":[{"embeddable":true,"href":"https:\/\/blogdorogeriogomes.com.br\/noticias\/wp-json\/wp\/v2\/comments?post=13816"}],"version-history":[{"count":1,"href":"https:\/\/blogdorogeriogomes.com.br\/noticias\/wp-json\/wp\/v2\/posts\/13816\/revisions"}],"predecessor-version":[{"id":13819,"href":"https:\/\/blogdorogeriogomes.com.br\/noticias\/wp-json\/wp\/v2\/posts\/13816\/revisions\/13819"}],"wp:attachment":[{"href":"https:\/\/blogdorogeriogomes.com.br\/noticias\/wp-json\/wp\/v2\/media?parent=13816"}],"wp:term":[{"taxonomy":"category","embeddable":true,"href":"https:\/\/blogdorogeriogomes.com.br\/noticias\/wp-json\/wp\/v2\/categories?post=13816"},{"taxonomy":"post_tag","embeddable":true,"href":"https:\/\/blogdorogeriogomes.com.br\/noticias\/wp-json\/wp\/v2\/tags?post=13816"}],"curies":[{"name":"wp","href":"https:\/\/api.w.org\/{rel}","templated":true}]}}