{"id":13820,"date":"2019-09-04T16:54:09","date_gmt":"2019-09-04T16:54:09","guid":{"rendered":"http:\/\/blogdorogeriogomes.com.br\/?p=13820"},"modified":"2019-09-04T16:54:09","modified_gmt":"2019-09-04T16:54:09","slug":"camilo-reune-bancada-federal-em-brasilia-para-apresentar-plataforma-de-modernizacao-da-saude","status":"publish","type":"post","link":"https:\/\/blogdorogeriogomes.com.br\/noticias\/2019\/09\/camilo-reune-bancada-federal-em-brasilia-para-apresentar-plataforma-de-modernizacao-da-saude\/","title":{"rendered":"Camilo re\u00fane bancada federal em Bras\u00edlia para apresentar Plataforma de Moderniza\u00e7\u00e3o da Sa\u00fade"},"content":{"rendered":"<p><img loading=\"lazy\" decoding=\"async\" class=\"alignnone size-medium wp-image-13821\" src=\"http:\/\/blogdorogeriogomes.com.br\/wp-content\/uploads\/2019\/09\/IMG_20190904_134725_738-300x225.jpg\" alt=\"IMG_20190904_134725_738\" width=\"300\" height=\"225\" srcset=\"https:\/\/blogdorogeriogomes.com.br\/noticias\/wp-content\/uploads\/2019\/09\/IMG_20190904_134725_738-300x225.jpg 300w, https:\/\/blogdorogeriogomes.com.br\/noticias\/wp-content\/uploads\/2019\/09\/IMG_20190904_134725_738-768x576.jpg 768w, https:\/\/blogdorogeriogomes.com.br\/noticias\/wp-content\/uploads\/2019\/09\/IMG_20190904_134725_738-1024x768.jpg 1024w, https:\/\/blogdorogeriogomes.com.br\/noticias\/wp-content\/uploads\/2019\/09\/IMG_20190904_134725_738.jpg 1200w\" sizes=\"auto, (max-width: 300px) 100vw, 300px\" \/><\/p>\n<p>Na busca de familiarizar os parlamentares da bancada cearense em Bras\u00edlia sobre o plano de investimentos para a sa\u00fade, o governador Camilo Santana apresentou, na manh\u00e3 desta quarta-feira, dia 4 de setembro, a nova Plataforma de Moderniza\u00e7\u00e3o da Sa\u00fade do Cear\u00e1. S\u00e3o a\u00e7\u00f5es previstas para os pr\u00f3ximos tr\u00eas anos.<br \/>\nParticiparam do encontro os senadores Cid Gomes e Eduardo Gir\u00e3o, o presidente da Assembleia Legislativa, Jos\u00e9 Sarto, o secret\u00e1rio da Sa\u00fade, Dr. Cabeto, e deputados federais cearenses.<br \/>\nAs a\u00e7\u00f5es na sa\u00fade estadual contam com ium aporte extra de R$ 600 milh\u00f5es e t\u00eam a finalidade de facilitar o acesso da popula\u00e7\u00e3o aos servi\u00e7os p\u00fablicos do setor. Entres os investimentos previstos est\u00e3o a cria\u00e7\u00e3o do primeiro hospital universit\u00e1rio estadual (Uece); implanta\u00e7\u00e3o do registro eletr\u00f4nico da sa\u00fade; adequa\u00e7\u00e3o e moderniza\u00e7\u00e3o dos hemocentros; equipamento e moderniza\u00e7\u00e3o das policl\u00ednicas regionais, UPAs e hospitais; expans\u00e3o do Samu para a cobertura de 100% do estado; implanta\u00e7\u00e3o das Ag\u00eancias Regionais de Sa\u00fade; implanta\u00e7\u00e3o do programa Pontos de Cuidado; e a sele\u00e7\u00e3o p\u00fablica para profissionais da Sa\u00fade.<\/p>\n","protected":false},"excerpt":{"rendered":"<p>Na busca de familiarizar os parlamentares da bancada cearense em Bras\u00edlia sobre o plano de investimentos para a sa\u00fade, o governador Camilo Santana apresentou, na manh\u00e3 desta quarta-feira, dia 4 de setembro, a nova Plataforma de Moderniza\u00e7\u00e3o da Sa\u00fade do Cear\u00e1. S\u00e3o a\u00e7\u00f5es previstas para os pr\u00f3ximos tr\u00eas anos. Participaram do encontro os senadores Cid Gomes e Eduardo Gir\u00e3o, o presidente da Assembleia Legislativa, Jos\u00e9 Sarto, o secret\u00e1rio da Sa\u00fade, Dr. Cabeto, e deputados federais cearenses. As a\u00e7\u00f5es na&hellip;<\/p>\n","protected":false},"author":1,"featured_media":0,"comment_status":"open","ping_status":"open","sticky":false,"template":"","format":"standard","meta":{"footnotes":""},"categories":[1],"tags":[],"class_list":["post-13820","post","type-post","status-publish","format-standard","hentry","category-noticias"],"_links":{"self":[{"href":"https:\/\/blogdorogeriogomes.com.br\/noticias\/wp-json\/wp\/v2\/posts\/13820","targetHints":{"allow":["GET"]}}],"collection":[{"href":"https:\/\/blogdorogeriogomes.com.br\/noticias\/wp-json\/wp\/v2\/posts"}],"about":[{"href":"https:\/\/blogdorogeriogomes.com.br\/noticias\/wp-json\/wp\/v2\/types\/post"}],"author":[{"embeddable":true,"href":"https:\/\/blogdorogeriogomes.com.br\/noticias\/wp-json\/wp\/v2\/users\/1"}],"replies":[{"embeddable":true,"href":"https:\/\/blogdorogeriogomes.com.br\/noticias\/wp-json\/wp\/v2\/comments?post=13820"}],"version-history":[{"count":1,"href":"https:\/\/blogdorogeriogomes.com.br\/noticias\/wp-json\/wp\/v2\/posts\/13820\/revisions"}],"predecessor-version":[{"id":13822,"href":"https:\/\/blogdorogeriogomes.com.br\/noticias\/wp-json\/wp\/v2\/posts\/13820\/revisions\/13822"}],"wp:attachment":[{"href":"https:\/\/blogdorogeriogomes.com.br\/noticias\/wp-json\/wp\/v2\/media?parent=13820"}],"wp:term":[{"taxonomy":"category","embeddable":true,"href":"https:\/\/blogdorogeriogomes.com.br\/noticias\/wp-json\/wp\/v2\/categories?post=13820"},{"taxonomy":"post_tag","embeddable":true,"href":"https:\/\/blogdorogeriogomes.com.br\/noticias\/wp-json\/wp\/v2\/tags?post=13820"}],"curies":[{"name":"wp","href":"https:\/\/api.w.org\/{rel}","templated":true}]}}