{"id":13827,"date":"2019-09-05T10:21:14","date_gmt":"2019-09-05T10:21:14","guid":{"rendered":"http:\/\/blogdorogeriogomes.com.br\/?p=13827"},"modified":"2019-09-05T10:21:14","modified_gmt":"2019-09-05T10:21:14","slug":"novo-convenio-da-prefeitura-com-a-cagece-entra-na-pauta-da-camara-municipal","status":"publish","type":"post","link":"https:\/\/blogdorogeriogomes.com.br\/noticias\/2019\/09\/novo-convenio-da-prefeitura-com-a-cagece-entra-na-pauta-da-camara-municipal\/","title":{"rendered":"Novo conv\u00eanio da Prefeitura com a Cagece entra na pauta da C\u00e2mara Municipal"},"content":{"rendered":"<p><img loading=\"lazy\" decoding=\"async\" class=\"alignnone size-medium wp-image-13828\" src=\"http:\/\/blogdorogeriogomes.com.br\/wp-content\/uploads\/2019\/09\/IMG_20190905_071643_134-300x225.jpg\" alt=\"IMG_20190905_071643_134\" width=\"300\" height=\"225\" srcset=\"https:\/\/blogdorogeriogomes.com.br\/noticias\/wp-content\/uploads\/2019\/09\/IMG_20190905_071643_134-300x225.jpg 300w, https:\/\/blogdorogeriogomes.com.br\/noticias\/wp-content\/uploads\/2019\/09\/IMG_20190905_071643_134.jpg 620w\" sizes=\"auto, (max-width: 300px) 100vw, 300px\" \/><\/p>\n<p>A C\u00e2mara Municipal de Fortaleza tem duas pautas do Executivo para ir \u00e0 vota\u00e7\u00e3o, nesta quinta-feira, dia 5 de setembro. Trata-se do novo conv\u00eanio entre a Prefeitura de Fortaleza e a Cagece e a implementa\u00e7\u00e3o do novo sistema financeiro de conta \u00fanica do Executivo.<br \/>\nO novo conv\u00eanio com a Cagece prev\u00ea a extens\u00e3o do contrato da Prefeitura com a Companhia de \u00c1gua e Esgoto do Cear\u00e1 de 14 para 35 anos. Se aprovado, a Cagece deve realizar investimentos de R$ 4,3 bilh\u00f5es no Munic\u00edpio, visando a amplia\u00e7\u00e3o dos servi\u00e7os, al\u00e9m da implanta\u00e7\u00e3o de uma usina de dessaliniza\u00e7\u00e3o.<br \/>\nJ\u00e1 o novo sistema de centraliza\u00e7\u00e3o das contas p\u00fablicas pretende unificar a arrecada\u00e7\u00e3o da Prefeitura de Fortaleza por meio de conta \u00fanica, com o objetivo de garantir mais operacionalidade e transpar\u00eancia na execu\u00e7\u00e3o de recursos municipais.<\/p>\n","protected":false},"excerpt":{"rendered":"<p>A C\u00e2mara Municipal de Fortaleza tem duas pautas do Executivo para ir \u00e0 vota\u00e7\u00e3o, nesta quinta-feira, dia 5 de setembro. Trata-se do novo conv\u00eanio entre a Prefeitura de Fortaleza e a Cagece e a implementa\u00e7\u00e3o do novo sistema financeiro de conta \u00fanica do Executivo. O novo conv\u00eanio com a Cagece prev\u00ea a extens\u00e3o do contrato da Prefeitura com a Companhia de \u00c1gua e Esgoto do Cear\u00e1 de 14 para 35 anos. Se aprovado, a Cagece deve realizar investimentos de&hellip;<\/p>\n","protected":false},"author":1,"featured_media":0,"comment_status":"open","ping_status":"open","sticky":false,"template":"","format":"standard","meta":{"footnotes":""},"categories":[1],"tags":[],"class_list":["post-13827","post","type-post","status-publish","format-standard","hentry","category-noticias"],"_links":{"self":[{"href":"https:\/\/blogdorogeriogomes.com.br\/noticias\/wp-json\/wp\/v2\/posts\/13827","targetHints":{"allow":["GET"]}}],"collection":[{"href":"https:\/\/blogdorogeriogomes.com.br\/noticias\/wp-json\/wp\/v2\/posts"}],"about":[{"href":"https:\/\/blogdorogeriogomes.com.br\/noticias\/wp-json\/wp\/v2\/types\/post"}],"author":[{"embeddable":true,"href":"https:\/\/blogdorogeriogomes.com.br\/noticias\/wp-json\/wp\/v2\/users\/1"}],"replies":[{"embeddable":true,"href":"https:\/\/blogdorogeriogomes.com.br\/noticias\/wp-json\/wp\/v2\/comments?post=13827"}],"version-history":[{"count":1,"href":"https:\/\/blogdorogeriogomes.com.br\/noticias\/wp-json\/wp\/v2\/posts\/13827\/revisions"}],"predecessor-version":[{"id":13829,"href":"https:\/\/blogdorogeriogomes.com.br\/noticias\/wp-json\/wp\/v2\/posts\/13827\/revisions\/13829"}],"wp:attachment":[{"href":"https:\/\/blogdorogeriogomes.com.br\/noticias\/wp-json\/wp\/v2\/media?parent=13827"}],"wp:term":[{"taxonomy":"category","embeddable":true,"href":"https:\/\/blogdorogeriogomes.com.br\/noticias\/wp-json\/wp\/v2\/categories?post=13827"},{"taxonomy":"post_tag","embeddable":true,"href":"https:\/\/blogdorogeriogomes.com.br\/noticias\/wp-json\/wp\/v2\/tags?post=13827"}],"curies":[{"name":"wp","href":"https:\/\/api.w.org\/{rel}","templated":true}]}}