{"id":13830,"date":"2019-09-05T10:43:46","date_gmt":"2019-09-05T10:43:46","guid":{"rendered":"http:\/\/blogdorogeriogomes.com.br\/?p=13830"},"modified":"2019-09-05T10:43:46","modified_gmt":"2019-09-05T10:43:46","slug":"raquel-dodge-enfrenta-mais-uma-crise-na-pgr-em-reta-final-do-seu-mandato","status":"publish","type":"post","link":"https:\/\/blogdorogeriogomes.com.br\/noticias\/2019\/09\/raquel-dodge-enfrenta-mais-uma-crise-na-pgr-em-reta-final-do-seu-mandato\/","title":{"rendered":"Raquel Dodge enfrenta mais uma crise na PGR em reta final do seu mandato"},"content":{"rendered":"<p><img loading=\"lazy\" decoding=\"async\" class=\"alignnone size-medium wp-image-13832\" src=\"http:\/\/blogdorogeriogomes.com.br\/wp-content\/uploads\/2019\/09\/IMG_20190905_073933_147-300x250.jpg\" alt=\"IMG_20190905_073933_147\" width=\"300\" height=\"250\" srcset=\"https:\/\/blogdorogeriogomes.com.br\/noticias\/wp-content\/uploads\/2019\/09\/IMG_20190905_073933_147-300x250.jpg 300w, https:\/\/blogdorogeriogomes.com.br\/noticias\/wp-content\/uploads\/2019\/09\/IMG_20190905_073933_147.jpg 404w\" sizes=\"auto, (max-width: 300px) 100vw, 300px\" \/><\/p>\n<p>Mais uma crise na PGR sob o comando de Raquel Dodge. Os seis procuradores que fazem parte da for\u00e7a-tarefa da Lava Jato na Procuradoria-Geral da Rep\u00fablica pediram demiss\u00e3o coletiva na noite desta quarta-feira, dia 4 de setembro. A medida estaria relacionada \u00e0 homologa\u00e7\u00e3o da dela\u00e7\u00e3o premiada do empres\u00e1rio L\u00e9o Pinheiro, da OAS. Dodge teria pedido para arquivar trechos que citam o presidente da C\u00e2mara, Rodrigo Maia, e um irm\u00e3o do presidente do STF, Dias Toffoli.<br \/>\nA gest\u00e3o de Raquel Dodge \u00e0 frente da PGR foi alvo de uma s\u00e9rie de crises internas que marcaram o fim do seu mandato. A cria\u00e7\u00e3o de um fundo bilion\u00e1rio da Lava Jato colocou a procuradora em rota de colis\u00e3o com a for\u00e7a-tarefa do Paran\u00e1 que cuida das investiga\u00e7\u00f5es. Raquel acionou o Supremo para que fosse anulado o acordo firmado pelos procuradores de Curitiba com a Petrobras, que resultaria na cria\u00e7\u00e3o de uma funda\u00e7\u00e3o gerida por eles mesmos.<br \/>\nRaquel Dodge tamb\u00e9m viu, na reta final do seu mandato, o STF instaurar por iniciativa pr\u00f3pria um inqu\u00e9rito instaurado para apurar amea\u00e7as e ofensas disparadas contra os ministros do tribunal. A procuradora pediu o arquivamento do caso, mas foi ignorada. O mandato de Raquel Dodge termina no pr\u00f3ximo dia 17 de setembro.<\/p>\n","protected":false},"excerpt":{"rendered":"<p>Mais uma crise na PGR sob o comando de Raquel Dodge. Os seis procuradores que fazem parte da for\u00e7a-tarefa da Lava Jato na Procuradoria-Geral da Rep\u00fablica pediram demiss\u00e3o coletiva na noite desta quarta-feira, dia 4 de setembro. A medida estaria relacionada \u00e0 homologa\u00e7\u00e3o da dela\u00e7\u00e3o premiada do empres\u00e1rio L\u00e9o Pinheiro, da OAS. Dodge teria pedido para arquivar trechos que citam o presidente da C\u00e2mara, Rodrigo Maia, e um irm\u00e3o do presidente do STF, Dias Toffoli. A gest\u00e3o de Raquel&hellip;<\/p>\n","protected":false},"author":1,"featured_media":0,"comment_status":"open","ping_status":"open","sticky":false,"template":"","format":"standard","meta":{"footnotes":""},"categories":[1],"tags":[],"class_list":["post-13830","post","type-post","status-publish","format-standard","hentry","category-noticias"],"_links":{"self":[{"href":"https:\/\/blogdorogeriogomes.com.br\/noticias\/wp-json\/wp\/v2\/posts\/13830","targetHints":{"allow":["GET"]}}],"collection":[{"href":"https:\/\/blogdorogeriogomes.com.br\/noticias\/wp-json\/wp\/v2\/posts"}],"about":[{"href":"https:\/\/blogdorogeriogomes.com.br\/noticias\/wp-json\/wp\/v2\/types\/post"}],"author":[{"embeddable":true,"href":"https:\/\/blogdorogeriogomes.com.br\/noticias\/wp-json\/wp\/v2\/users\/1"}],"replies":[{"embeddable":true,"href":"https:\/\/blogdorogeriogomes.com.br\/noticias\/wp-json\/wp\/v2\/comments?post=13830"}],"version-history":[{"count":1,"href":"https:\/\/blogdorogeriogomes.com.br\/noticias\/wp-json\/wp\/v2\/posts\/13830\/revisions"}],"predecessor-version":[{"id":13833,"href":"https:\/\/blogdorogeriogomes.com.br\/noticias\/wp-json\/wp\/v2\/posts\/13830\/revisions\/13833"}],"wp:attachment":[{"href":"https:\/\/blogdorogeriogomes.com.br\/noticias\/wp-json\/wp\/v2\/media?parent=13830"}],"wp:term":[{"taxonomy":"category","embeddable":true,"href":"https:\/\/blogdorogeriogomes.com.br\/noticias\/wp-json\/wp\/v2\/categories?post=13830"},{"taxonomy":"post_tag","embeddable":true,"href":"https:\/\/blogdorogeriogomes.com.br\/noticias\/wp-json\/wp\/v2\/tags?post=13830"}],"curies":[{"name":"wp","href":"https:\/\/api.w.org\/{rel}","templated":true}]}}