{"id":13834,"date":"2019-09-05T12:32:27","date_gmt":"2019-09-05T12:32:27","guid":{"rendered":"http:\/\/blogdorogeriogomes.com.br\/?p=13834"},"modified":"2019-09-05T12:32:27","modified_gmt":"2019-09-05T12:32:27","slug":"um-dia-apos-ser-nomeado-para-o-ibama-do-ceara-coronel-ricardo-bezerra-e-destituido","status":"publish","type":"post","link":"https:\/\/blogdorogeriogomes.com.br\/noticias\/2019\/09\/um-dia-apos-ser-nomeado-para-o-ibama-do-ceara-coronel-ricardo-bezerra-e-destituido\/","title":{"rendered":"Um dia ap\u00f3s ser nomeado para o Ibama do Cear\u00e1, Coronel Ricardo Bezerra \u00e9 destitu\u00eddo"},"content":{"rendered":"<p><img loading=\"lazy\" decoding=\"async\" class=\"alignnone size-medium wp-image-13835\" src=\"http:\/\/blogdorogeriogomes.com.br\/wp-content\/uploads\/2019\/09\/IMG_20190905_092850_086-300x300.jpg\" alt=\"IMG_20190905_092850_086\" width=\"300\" height=\"300\" srcset=\"https:\/\/blogdorogeriogomes.com.br\/noticias\/wp-content\/uploads\/2019\/09\/IMG_20190905_092850_086-300x300.jpg 300w, https:\/\/blogdorogeriogomes.com.br\/noticias\/wp-content\/uploads\/2019\/09\/IMG_20190905_092850_086-150x150.jpg 150w, https:\/\/blogdorogeriogomes.com.br\/noticias\/wp-content\/uploads\/2019\/09\/IMG_20190905_092850_086.jpg 437w\" sizes=\"auto, (max-width: 300px) 100vw, 300px\" \/><\/p>\n<p>O racha pol\u00edtico no PSL do Cear\u00e1 provocou uma nova baixa. Um dia ap\u00f3s ter sido nomeado superintendente do IBAMA no Cear\u00e1, o Coronel Ricardo Bezerra foi destitu\u00eddo do cargo. Filiado ao PSL, Bezerra disputou a elei\u00e7\u00e3o no ano passado e conseguiu 13 mil votos, ficando como suplente de deputado federal.<br \/>\nA mudan\u00e7a teria partido do deputado federal Heitor Freire (PSL), que hoje \u00e9 desafeto pol\u00edtico do coronel e de outros membros do partido no Cear\u00e1, como os deputados estaduais Andr\u00e9 Fernandes e Delegado Cavalcante. Heitor Freire vai indicar outro nome ao ministro Ricardo Salles.<br \/>\nTamb\u00e9m pegou mal para o Coronel Ricardo Bezerra a informa\u00e7\u00e3o divulgada pela Revista Veja de que ele \u00e9 propriet\u00e1rio de uma fazenda de explora\u00e7\u00e3o de madeira no interior do Par\u00e1. A revista revelou que a atividade econ\u00f4mica da fazenda \u00e9 de extra\u00e7\u00e3o de madeira em florestas plantadas.<\/p>\n","protected":false},"excerpt":{"rendered":"<p>O racha pol\u00edtico no PSL do Cear\u00e1 provocou uma nova baixa. Um dia ap\u00f3s ter sido nomeado superintendente do IBAMA no Cear\u00e1, o Coronel Ricardo Bezerra foi destitu\u00eddo do cargo. Filiado ao PSL, Bezerra disputou a elei\u00e7\u00e3o no ano passado e conseguiu 13 mil votos, ficando como suplente de deputado federal. A mudan\u00e7a teria partido do deputado federal Heitor Freire (PSL), que hoje \u00e9 desafeto pol\u00edtico do coronel e de outros membros do partido no Cear\u00e1, como os deputados&hellip;<\/p>\n","protected":false},"author":1,"featured_media":0,"comment_status":"open","ping_status":"open","sticky":false,"template":"","format":"standard","meta":{"footnotes":""},"categories":[1],"tags":[],"class_list":["post-13834","post","type-post","status-publish","format-standard","hentry","category-noticias"],"_links":{"self":[{"href":"https:\/\/blogdorogeriogomes.com.br\/noticias\/wp-json\/wp\/v2\/posts\/13834","targetHints":{"allow":["GET"]}}],"collection":[{"href":"https:\/\/blogdorogeriogomes.com.br\/noticias\/wp-json\/wp\/v2\/posts"}],"about":[{"href":"https:\/\/blogdorogeriogomes.com.br\/noticias\/wp-json\/wp\/v2\/types\/post"}],"author":[{"embeddable":true,"href":"https:\/\/blogdorogeriogomes.com.br\/noticias\/wp-json\/wp\/v2\/users\/1"}],"replies":[{"embeddable":true,"href":"https:\/\/blogdorogeriogomes.com.br\/noticias\/wp-json\/wp\/v2\/comments?post=13834"}],"version-history":[{"count":1,"href":"https:\/\/blogdorogeriogomes.com.br\/noticias\/wp-json\/wp\/v2\/posts\/13834\/revisions"}],"predecessor-version":[{"id":13836,"href":"https:\/\/blogdorogeriogomes.com.br\/noticias\/wp-json\/wp\/v2\/posts\/13834\/revisions\/13836"}],"wp:attachment":[{"href":"https:\/\/blogdorogeriogomes.com.br\/noticias\/wp-json\/wp\/v2\/media?parent=13834"}],"wp:term":[{"taxonomy":"category","embeddable":true,"href":"https:\/\/blogdorogeriogomes.com.br\/noticias\/wp-json\/wp\/v2\/categories?post=13834"},{"taxonomy":"post_tag","embeddable":true,"href":"https:\/\/blogdorogeriogomes.com.br\/noticias\/wp-json\/wp\/v2\/tags?post=13834"}],"curies":[{"name":"wp","href":"https:\/\/api.w.org\/{rel}","templated":true}]}}