{"id":13839,"date":"2019-09-05T18:24:57","date_gmt":"2019-09-05T18:24:57","guid":{"rendered":"http:\/\/blogdorogeriogomes.com.br\/?p=13839"},"modified":"2019-09-05T18:24:57","modified_gmt":"2019-09-05T18:24:57","slug":"ministro-paulo-guedes-defende-em-fortaleza-que-privatizacoes-vao-ser-aceleradas","status":"publish","type":"post","link":"https:\/\/blogdorogeriogomes.com.br\/noticias\/2019\/09\/ministro-paulo-guedes-defende-em-fortaleza-que-privatizacoes-vao-ser-aceleradas\/","title":{"rendered":"Ministro Paulo Guedes defende em Fortaleza que privatiza\u00e7\u00f5es v\u00e3o ser aceleradas"},"content":{"rendered":"<p><img loading=\"lazy\" decoding=\"async\" class=\"alignnone size-medium wp-image-13840\" src=\"http:\/\/blogdorogeriogomes.com.br\/wp-content\/uploads\/2019\/09\/IMG_20190905_152130_410-300x241.jpg\" alt=\"IMG_20190905_152130_410\" width=\"300\" height=\"241\" srcset=\"https:\/\/blogdorogeriogomes.com.br\/noticias\/wp-content\/uploads\/2019\/09\/IMG_20190905_152130_410-300x241.jpg 300w, https:\/\/blogdorogeriogomes.com.br\/noticias\/wp-content\/uploads\/2019\/09\/IMG_20190905_152130_410-768x616.jpg 768w, https:\/\/blogdorogeriogomes.com.br\/noticias\/wp-content\/uploads\/2019\/09\/IMG_20190905_152130_410-1024x822.jpg 1024w\" sizes=\"auto, (max-width: 300px) 100vw, 300px\" \/><\/p>\n<p>O ministro da Economia, Paulo Guedes, est\u00e1 em Fortaleza, nesta quinta-feira, dia 5 de setembro. Ele d\u00e1 palestra a empres\u00e1rios cearenses abordando o tema \u201cA nova economia do Brasil \u2013 o impacto para a Regi\u00e3o Nordeste\u201d.A palestra conta com a presen\u00e7a de pol\u00edticos e empres\u00e1rios.<br \/>\nO ministro da Economia considera que o maior problema do Brasil nas \u00faltimas d\u00e9cadas \u00e9 o descontrole com os gastos. As despesas superam a arrecada\u00e7\u00e3o e causam d\u00e9ficit nas contas governamentais.Paulo Guedes confirmou que a meta do Governo \u00e9 acelerar o programa de privatiza\u00e7\u00f5es de forma mais r\u00e1pida poss\u00edvel.<br \/>\nAp\u00f3s a reforma da Previd\u00eancia, o ministro Paulo Guedes deve encaminhar para o Congresso a discuss\u00e3o de um novo Pacto Federativo e da reforma tribut\u00e1ria. Ele considera que as mudan\u00e7as s\u00e3o essenciais para retomar o crescimento econ\u00f4mico no Pa\u00eds.<br \/>\nPaulo Guedes reafirmou que o Estado, seja nos \u00e2mbitos federal, estadual e municipal, est\u00e1 &#8220;quebrado&#8221;. Na vis\u00e3o dele, o controle passa por privatiza\u00e7\u00f5es e cortes na m\u00e1quina p\u00fablica.<\/p>\n","protected":false},"excerpt":{"rendered":"<p>O ministro da Economia, Paulo Guedes, est\u00e1 em Fortaleza, nesta quinta-feira, dia 5 de setembro. Ele d\u00e1 palestra a empres\u00e1rios cearenses abordando o tema \u201cA nova economia do Brasil \u2013 o impacto para a Regi\u00e3o Nordeste\u201d.A palestra conta com a presen\u00e7a de pol\u00edticos e empres\u00e1rios. O ministro da Economia considera que o maior problema do Brasil nas \u00faltimas d\u00e9cadas \u00e9 o descontrole com os gastos. As despesas superam a arrecada\u00e7\u00e3o e causam d\u00e9ficit nas contas governamentais.Paulo Guedes confirmou que&hellip;<\/p>\n","protected":false},"author":1,"featured_media":0,"comment_status":"open","ping_status":"open","sticky":false,"template":"","format":"standard","meta":{"footnotes":""},"categories":[1],"tags":[],"class_list":["post-13839","post","type-post","status-publish","format-standard","hentry","category-noticias"],"_links":{"self":[{"href":"https:\/\/blogdorogeriogomes.com.br\/noticias\/wp-json\/wp\/v2\/posts\/13839","targetHints":{"allow":["GET"]}}],"collection":[{"href":"https:\/\/blogdorogeriogomes.com.br\/noticias\/wp-json\/wp\/v2\/posts"}],"about":[{"href":"https:\/\/blogdorogeriogomes.com.br\/noticias\/wp-json\/wp\/v2\/types\/post"}],"author":[{"embeddable":true,"href":"https:\/\/blogdorogeriogomes.com.br\/noticias\/wp-json\/wp\/v2\/users\/1"}],"replies":[{"embeddable":true,"href":"https:\/\/blogdorogeriogomes.com.br\/noticias\/wp-json\/wp\/v2\/comments?post=13839"}],"version-history":[{"count":1,"href":"https:\/\/blogdorogeriogomes.com.br\/noticias\/wp-json\/wp\/v2\/posts\/13839\/revisions"}],"predecessor-version":[{"id":13841,"href":"https:\/\/blogdorogeriogomes.com.br\/noticias\/wp-json\/wp\/v2\/posts\/13839\/revisions\/13841"}],"wp:attachment":[{"href":"https:\/\/blogdorogeriogomes.com.br\/noticias\/wp-json\/wp\/v2\/media?parent=13839"}],"wp:term":[{"taxonomy":"category","embeddable":true,"href":"https:\/\/blogdorogeriogomes.com.br\/noticias\/wp-json\/wp\/v2\/categories?post=13839"},{"taxonomy":"post_tag","embeddable":true,"href":"https:\/\/blogdorogeriogomes.com.br\/noticias\/wp-json\/wp\/v2\/tags?post=13839"}],"curies":[{"name":"wp","href":"https:\/\/api.w.org\/{rel}","templated":true}]}}