{"id":13842,"date":"2019-09-06T09:20:43","date_gmt":"2019-09-06T09:20:43","guid":{"rendered":"http:\/\/blogdorogeriogomes.com.br\/?p=13842"},"modified":"2019-09-06T09:20:43","modified_gmt":"2019-09-06T09:20:43","slug":"justica-proibe-aplicacao-de-multas-atraves-do-sistema-de-videomonitoramento-em-fortaleza","status":"publish","type":"post","link":"https:\/\/blogdorogeriogomes.com.br\/noticias\/2019\/09\/justica-proibe-aplicacao-de-multas-atraves-do-sistema-de-videomonitoramento-em-fortaleza\/","title":{"rendered":"Justi\u00e7a pro\u00edbe aplica\u00e7\u00e3o de multas atrav\u00e9s do sistema de videomonitoramento em Fortaleza"},"content":{"rendered":"<p><img loading=\"lazy\" decoding=\"async\" class=\"alignnone size-medium wp-image-13843\" src=\"http:\/\/blogdorogeriogomes.com.br\/wp-content\/uploads\/2019\/09\/IMG_20190906_061744_854-300x200.jpg\" alt=\"IMG_20190906_061744_854\" width=\"300\" height=\"200\" srcset=\"https:\/\/blogdorogeriogomes.com.br\/noticias\/wp-content\/uploads\/2019\/09\/IMG_20190906_061744_854-300x200.jpg 300w, https:\/\/blogdorogeriogomes.com.br\/noticias\/wp-content\/uploads\/2019\/09\/IMG_20190906_061744_854.jpg 678w\" sizes=\"auto, (max-width: 300px) 100vw, 300px\" \/><\/p>\n<p>A 1\u00aa Vara da Justi\u00e7a Federal do Cear\u00e1 determinou a suspens\u00e3o na aplica\u00e7\u00e3o de multas atrav\u00e9s do sistema de videomonitoramento em Fortaleza. A decis\u00e3o se estende para outras capitais brasileiras. Novas infra\u00e7\u00f5es n\u00e3o podem ser registradas, mas ainda n\u00e3o h\u00e1 defini\u00e7\u00e3o sobre penalidades j\u00e1 aplicadas. O caso agora ser\u00e1 julgado em segunda inst\u00e2ncia, no Tribunal Regional Federal da 5\u00aa Regi\u00e3o, em Recife.<br \/>\nA Autarquia Municipal de Tr\u00e2nsito e Cidadania (AMC) e a Uni\u00e3o devem recorrer da decis\u00e3o. A A\u00e7\u00e3o Civil P\u00fablica foi movida pelo Minist\u00e9rio P\u00fablico Federal no Cear\u00e1.<br \/>\nO direito de ressarcimento de multas aplicadas anteriormente depende de confirma\u00e7\u00e3o da senten\u00e7a pelo Tribunal Regional Federal da 5\u00aa Regi\u00e3o.<\/p>\n","protected":false},"excerpt":{"rendered":"<p>A 1\u00aa Vara da Justi\u00e7a Federal do Cear\u00e1 determinou a suspens\u00e3o na aplica\u00e7\u00e3o de multas atrav\u00e9s do sistema de videomonitoramento em Fortaleza. A decis\u00e3o se estende para outras capitais brasileiras. Novas infra\u00e7\u00f5es n\u00e3o podem ser registradas, mas ainda n\u00e3o h\u00e1 defini\u00e7\u00e3o sobre penalidades j\u00e1 aplicadas. O caso agora ser\u00e1 julgado em segunda inst\u00e2ncia, no Tribunal Regional Federal da 5\u00aa Regi\u00e3o, em Recife. A Autarquia Municipal de Tr\u00e2nsito e Cidadania (AMC) e a Uni\u00e3o devem recorrer da decis\u00e3o. A A\u00e7\u00e3o&hellip;<\/p>\n","protected":false},"author":1,"featured_media":0,"comment_status":"open","ping_status":"open","sticky":false,"template":"","format":"standard","meta":{"footnotes":""},"categories":[1],"tags":[],"class_list":["post-13842","post","type-post","status-publish","format-standard","hentry","category-noticias"],"_links":{"self":[{"href":"https:\/\/blogdorogeriogomes.com.br\/noticias\/wp-json\/wp\/v2\/posts\/13842","targetHints":{"allow":["GET"]}}],"collection":[{"href":"https:\/\/blogdorogeriogomes.com.br\/noticias\/wp-json\/wp\/v2\/posts"}],"about":[{"href":"https:\/\/blogdorogeriogomes.com.br\/noticias\/wp-json\/wp\/v2\/types\/post"}],"author":[{"embeddable":true,"href":"https:\/\/blogdorogeriogomes.com.br\/noticias\/wp-json\/wp\/v2\/users\/1"}],"replies":[{"embeddable":true,"href":"https:\/\/blogdorogeriogomes.com.br\/noticias\/wp-json\/wp\/v2\/comments?post=13842"}],"version-history":[{"count":1,"href":"https:\/\/blogdorogeriogomes.com.br\/noticias\/wp-json\/wp\/v2\/posts\/13842\/revisions"}],"predecessor-version":[{"id":13844,"href":"https:\/\/blogdorogeriogomes.com.br\/noticias\/wp-json\/wp\/v2\/posts\/13842\/revisions\/13844"}],"wp:attachment":[{"href":"https:\/\/blogdorogeriogomes.com.br\/noticias\/wp-json\/wp\/v2\/media?parent=13842"}],"wp:term":[{"taxonomy":"category","embeddable":true,"href":"https:\/\/blogdorogeriogomes.com.br\/noticias\/wp-json\/wp\/v2\/categories?post=13842"},{"taxonomy":"post_tag","embeddable":true,"href":"https:\/\/blogdorogeriogomes.com.br\/noticias\/wp-json\/wp\/v2\/tags?post=13842"}],"curies":[{"name":"wp","href":"https:\/\/api.w.org\/{rel}","templated":true}]}}