{"id":13845,"date":"2019-09-06T09:43:05","date_gmt":"2019-09-06T09:43:05","guid":{"rendered":"http:\/\/blogdorogeriogomes.com.br\/?p=13845"},"modified":"2019-09-06T09:43:05","modified_gmt":"2019-09-06T09:43:05","slug":"indicacao-de-aras-recebe-critica-de-procuradores-mas-e-bem-recebida-no-stf-e-congresso","status":"publish","type":"post","link":"https:\/\/blogdorogeriogomes.com.br\/noticias\/2019\/09\/indicacao-de-aras-recebe-critica-de-procuradores-mas-e-bem-recebida-no-stf-e-congresso\/","title":{"rendered":"Indica\u00e7\u00e3o de Aras recebe cr\u00edtica de procuradores, mas \u00e9 bem recebida no STF e Congresso"},"content":{"rendered":"<p><img loading=\"lazy\" decoding=\"async\" class=\"alignnone size-medium wp-image-13846\" src=\"http:\/\/blogdorogeriogomes.com.br\/wp-content\/uploads\/2019\/09\/IMG_20190906_063849_912-300x266.jpg\" alt=\"IMG_20190906_063849_912\" width=\"300\" height=\"266\" srcset=\"https:\/\/blogdorogeriogomes.com.br\/noticias\/wp-content\/uploads\/2019\/09\/IMG_20190906_063849_912-300x266.jpg 300w, https:\/\/blogdorogeriogomes.com.br\/noticias\/wp-content\/uploads\/2019\/09\/IMG_20190906_063849_912.jpg 577w\" sizes=\"auto, (max-width: 300px) 100vw, 300px\" \/><\/p>\n<p>A avalia\u00e7\u00e3o nos bastidores pol\u00edticos em Bras\u00edlia \u00e9 que a indica\u00e7\u00e3o de Augusto Aras para a Procuradoria-Geral da Rep\u00fablica (PGR) foi bem recebida no Supremo Tribunal Federal (STF) e no Congresso Nacional. A escolha de Aras \u00e9 vista como uma derrota dos integrantes da Opera\u00e7\u00e3o Lava Jato e tamb\u00e9m do hoje ministro da Justi\u00e7a, Sergio Moro.<br \/>\nAugusto Aras despontou para o posto sem participar da elei\u00e7\u00e3o interna do Minist\u00e9rio P\u00fablico Federal, fato que irritou os procuradores do MPF e membros da Lava Jato. Tamb\u00e9m foi criticado por bolsonaristas por ter tido boa rela\u00e7\u00e3o com nomes da esquerda anos atr\u00e1s.<br \/>\nEntre opini\u00f5es de Augusto Aras sobre a Lava Jato est\u00e3o a espetaculariza\u00e7\u00e3o e a personaliza\u00e7\u00e3o promovidas pelo Minist\u00e9rio P\u00fablico Federal, atentado \u00e0 honra de pessoas que depois se provaram inocentes e criminaliza\u00e7\u00e3o da pol\u00edtica promovida por procuradores.<\/p>\n","protected":false},"excerpt":{"rendered":"<p>A avalia\u00e7\u00e3o nos bastidores pol\u00edticos em Bras\u00edlia \u00e9 que a indica\u00e7\u00e3o de Augusto Aras para a Procuradoria-Geral da Rep\u00fablica (PGR) foi bem recebida no Supremo Tribunal Federal (STF) e no Congresso Nacional. A escolha de Aras \u00e9 vista como uma derrota dos integrantes da Opera\u00e7\u00e3o Lava Jato e tamb\u00e9m do hoje ministro da Justi\u00e7a, Sergio Moro. Augusto Aras despontou para o posto sem participar da elei\u00e7\u00e3o interna do Minist\u00e9rio P\u00fablico Federal, fato que irritou os procuradores do MPF e&hellip;<\/p>\n","protected":false},"author":1,"featured_media":0,"comment_status":"open","ping_status":"open","sticky":false,"template":"","format":"standard","meta":{"footnotes":""},"categories":[1],"tags":[],"class_list":["post-13845","post","type-post","status-publish","format-standard","hentry","category-noticias"],"_links":{"self":[{"href":"https:\/\/blogdorogeriogomes.com.br\/noticias\/wp-json\/wp\/v2\/posts\/13845","targetHints":{"allow":["GET"]}}],"collection":[{"href":"https:\/\/blogdorogeriogomes.com.br\/noticias\/wp-json\/wp\/v2\/posts"}],"about":[{"href":"https:\/\/blogdorogeriogomes.com.br\/noticias\/wp-json\/wp\/v2\/types\/post"}],"author":[{"embeddable":true,"href":"https:\/\/blogdorogeriogomes.com.br\/noticias\/wp-json\/wp\/v2\/users\/1"}],"replies":[{"embeddable":true,"href":"https:\/\/blogdorogeriogomes.com.br\/noticias\/wp-json\/wp\/v2\/comments?post=13845"}],"version-history":[{"count":1,"href":"https:\/\/blogdorogeriogomes.com.br\/noticias\/wp-json\/wp\/v2\/posts\/13845\/revisions"}],"predecessor-version":[{"id":13847,"href":"https:\/\/blogdorogeriogomes.com.br\/noticias\/wp-json\/wp\/v2\/posts\/13845\/revisions\/13847"}],"wp:attachment":[{"href":"https:\/\/blogdorogeriogomes.com.br\/noticias\/wp-json\/wp\/v2\/media?parent=13845"}],"wp:term":[{"taxonomy":"category","embeddable":true,"href":"https:\/\/blogdorogeriogomes.com.br\/noticias\/wp-json\/wp\/v2\/categories?post=13845"},{"taxonomy":"post_tag","embeddable":true,"href":"https:\/\/blogdorogeriogomes.com.br\/noticias\/wp-json\/wp\/v2\/tags?post=13845"}],"curies":[{"name":"wp","href":"https:\/\/api.w.org\/{rel}","templated":true}]}}