{"id":13851,"date":"2019-09-07T10:28:53","date_gmt":"2019-09-07T10:28:53","guid":{"rendered":"http:\/\/blogdorogeriogomes.com.br\/?p=13851"},"modified":"2019-09-07T10:28:53","modified_gmt":"2019-09-07T10:28:53","slug":"prefeito-roberto-claudio-e-governador-camilo-santana-entregam-736-chaves-aos-novos-moradores-do-cidade-jardim-2","status":"publish","type":"post","link":"https:\/\/blogdorogeriogomes.com.br\/noticias\/2019\/09\/prefeito-roberto-claudio-e-governador-camilo-santana-entregam-736-chaves-aos-novos-moradores-do-cidade-jardim-2\/","title":{"rendered":"Prefeito Roberto Cl\u00e1udio e governador Camilo Santana entregam 736 chaves aos novos moradores do Cidade Jardim 2"},"content":{"rendered":"<p><img loading=\"lazy\" decoding=\"async\" class=\"alignnone size-medium wp-image-13852\" src=\"http:\/\/blogdorogeriogomes.com.br\/wp-content\/uploads\/2019\/09\/Entrega-de-unidades-Habitacionais-do-Residencial-Cidade-Jardim-Cr\u00e9dito-Thiago-Gaspar-06-09-2019-3B-300x178.jpg\" alt=\"Entrega de unidades Habitacionais do Residencial Cidade Jardim Cr\u00e9dito Thiago Gaspar 06 09 2019 3B\" width=\"300\" height=\"178\" srcset=\"https:\/\/blogdorogeriogomes.com.br\/noticias\/wp-content\/uploads\/2019\/09\/Entrega-de-unidades-Habitacionais-do-Residencial-Cidade-Jardim-Cr\u00e9dito-Thiago-Gaspar-06-09-2019-3B-300x178.jpg 300w, https:\/\/blogdorogeriogomes.com.br\/noticias\/wp-content\/uploads\/2019\/09\/Entrega-de-unidades-Habitacionais-do-Residencial-Cidade-Jardim-Cr\u00e9dito-Thiago-Gaspar-06-09-2019-3B-768x456.jpg 768w, https:\/\/blogdorogeriogomes.com.br\/noticias\/wp-content\/uploads\/2019\/09\/Entrega-de-unidades-Habitacionais-do-Residencial-Cidade-Jardim-Cr\u00e9dito-Thiago-Gaspar-06-09-2019-3B-1024x608.jpg 1024w\" sizes=\"auto, (max-width: 300px) 100vw, 300px\" \/><\/p>\n<p>O prefeito de Fortaleza, Roberto Cl\u00e1udio, e o governador do Cear\u00e1,\u00a0 Camilo Santana,\u00a0 entregaram 736 chaves \u00e0s fam\u00edlias contempladas com apartamentos do Residencial Cidade Jardim 2, no bairro Jos\u00e9 Walter (Regional V). As unidades fazem parte da \u00faltima etapa do primeiro m\u00f3dulo do empreendimento formado por 4.796 moradias.<\/p>\n<p>Os apartamentos entregues na solenidade possuem \u00e1rea de 44m\u00b2, dividida em dois quartos, \u00e1rea de circula\u00e7\u00e3o, banheiro, sala de estar e jantar conjugadas. O empreendimento conta, em suas \u00e1reas comuns, com centro comunit\u00e1rio, pra\u00e7as, playgrounds, academias, quadras de v\u00f4lei, quadras de futsal, campos, parques e dep\u00f3sitos de lixo.<\/p>\n","protected":false},"excerpt":{"rendered":"<p>O prefeito de Fortaleza, Roberto Cl\u00e1udio, e o governador do Cear\u00e1,\u00a0 Camilo Santana,\u00a0 entregaram 736 chaves \u00e0s fam\u00edlias contempladas com apartamentos do Residencial Cidade Jardim 2, no bairro Jos\u00e9 Walter (Regional V). As unidades fazem parte da \u00faltima etapa do primeiro m\u00f3dulo do empreendimento formado por 4.796 moradias. Os apartamentos entregues na solenidade possuem \u00e1rea de 44m\u00b2, dividida em dois quartos, \u00e1rea de circula\u00e7\u00e3o, banheiro, sala de estar e jantar conjugadas. O empreendimento conta, em suas \u00e1reas comuns, com&hellip;<\/p>\n","protected":false},"author":1,"featured_media":0,"comment_status":"open","ping_status":"open","sticky":false,"template":"","format":"standard","meta":{"footnotes":""},"categories":[1],"tags":[],"class_list":["post-13851","post","type-post","status-publish","format-standard","hentry","category-noticias"],"_links":{"self":[{"href":"https:\/\/blogdorogeriogomes.com.br\/noticias\/wp-json\/wp\/v2\/posts\/13851","targetHints":{"allow":["GET"]}}],"collection":[{"href":"https:\/\/blogdorogeriogomes.com.br\/noticias\/wp-json\/wp\/v2\/posts"}],"about":[{"href":"https:\/\/blogdorogeriogomes.com.br\/noticias\/wp-json\/wp\/v2\/types\/post"}],"author":[{"embeddable":true,"href":"https:\/\/blogdorogeriogomes.com.br\/noticias\/wp-json\/wp\/v2\/users\/1"}],"replies":[{"embeddable":true,"href":"https:\/\/blogdorogeriogomes.com.br\/noticias\/wp-json\/wp\/v2\/comments?post=13851"}],"version-history":[{"count":1,"href":"https:\/\/blogdorogeriogomes.com.br\/noticias\/wp-json\/wp\/v2\/posts\/13851\/revisions"}],"predecessor-version":[{"id":13853,"href":"https:\/\/blogdorogeriogomes.com.br\/noticias\/wp-json\/wp\/v2\/posts\/13851\/revisions\/13853"}],"wp:attachment":[{"href":"https:\/\/blogdorogeriogomes.com.br\/noticias\/wp-json\/wp\/v2\/media?parent=13851"}],"wp:term":[{"taxonomy":"category","embeddable":true,"href":"https:\/\/blogdorogeriogomes.com.br\/noticias\/wp-json\/wp\/v2\/categories?post=13851"},{"taxonomy":"post_tag","embeddable":true,"href":"https:\/\/blogdorogeriogomes.com.br\/noticias\/wp-json\/wp\/v2\/tags?post=13851"}],"curies":[{"name":"wp","href":"https:\/\/api.w.org\/{rel}","templated":true}]}}