{"id":13857,"date":"2019-09-09T09:34:49","date_gmt":"2019-09-09T09:34:49","guid":{"rendered":"http:\/\/blogdorogeriogomes.com.br\/?p=13857"},"modified":"2019-09-09T09:34:49","modified_gmt":"2019-09-09T09:34:49","slug":"senado-pode-iniciar-votacao-da-reforma-da-previdencia-ja-nesta-quarta-feira","status":"publish","type":"post","link":"https:\/\/blogdorogeriogomes.com.br\/noticias\/2019\/09\/senado-pode-iniciar-votacao-da-reforma-da-previdencia-ja-nesta-quarta-feira\/","title":{"rendered":"Senado pode iniciar vota\u00e7\u00e3o da reforma da Previd\u00eancia j\u00e1 nesta quarta-feira"},"content":{"rendered":"<p><img loading=\"lazy\" decoding=\"async\" class=\"alignnone size-medium wp-image-13858\" src=\"http:\/\/blogdorogeriogomes.com.br\/wp-content\/uploads\/2019\/09\/IMG_20190909_063021_041-300x278.jpg\" alt=\"IMG_20190909_063021_041\" width=\"300\" height=\"278\" srcset=\"https:\/\/blogdorogeriogomes.com.br\/noticias\/wp-content\/uploads\/2019\/09\/IMG_20190909_063021_041-300x278.jpg 300w, https:\/\/blogdorogeriogomes.com.br\/noticias\/wp-content\/uploads\/2019\/09\/IMG_20190909_063021_041.jpg 615w\" sizes=\"auto, (max-width: 300px) 100vw, 300px\" \/><\/p>\n<p>O presidente do Senado, Davi Alcolumbre, articula para iniciar o processo de vota\u00e7\u00e3o da reforma da Previd\u00eancia em plen\u00e1rio j\u00e1 nesta quarta-feira, dia 11 de setembro. Ele tentar\u00e1 um acordo com os l\u00edderes dos partidos em reuni\u00e3o marcada para esta ter\u00e7a-feira, dia 10.<br \/>\nAlcolumbre tem articulado nos bastidores para tentar acelerar o processo de tramita\u00e7\u00e3o da reforma e da PEC (Proposta de Emenda \u00e0 Constitui\u00e7\u00e3o) paralela, que ir\u00e1 propor mudan\u00e7as como a inclus\u00e3o de servidores estaduais e municipais nas novas regras da aposentadoria.<br \/>\nL\u00edder do PT no Senado, Humberto Costa (PE), afirmou que h\u00e1 um acordo firmado para que, antes da vota\u00e7\u00e3o, ocorra uma s\u00e9rie de audi\u00eancias p\u00fablicas, sess\u00e3o tem\u00e1tica e possibilidade de apresenta\u00e7\u00e3o de emendas.<\/p>\n","protected":false},"excerpt":{"rendered":"<p>O presidente do Senado, Davi Alcolumbre, articula para iniciar o processo de vota\u00e7\u00e3o da reforma da Previd\u00eancia em plen\u00e1rio j\u00e1 nesta quarta-feira, dia 11 de setembro. Ele tentar\u00e1 um acordo com os l\u00edderes dos partidos em reuni\u00e3o marcada para esta ter\u00e7a-feira, dia 10. Alcolumbre tem articulado nos bastidores para tentar acelerar o processo de tramita\u00e7\u00e3o da reforma e da PEC (Proposta de Emenda \u00e0 Constitui\u00e7\u00e3o) paralela, que ir\u00e1 propor mudan\u00e7as como a inclus\u00e3o de servidores estaduais e municipais nas&hellip;<\/p>\n","protected":false},"author":1,"featured_media":0,"comment_status":"open","ping_status":"open","sticky":false,"template":"","format":"standard","meta":{"footnotes":""},"categories":[1],"tags":[],"class_list":["post-13857","post","type-post","status-publish","format-standard","hentry","category-noticias"],"_links":{"self":[{"href":"https:\/\/blogdorogeriogomes.com.br\/noticias\/wp-json\/wp\/v2\/posts\/13857","targetHints":{"allow":["GET"]}}],"collection":[{"href":"https:\/\/blogdorogeriogomes.com.br\/noticias\/wp-json\/wp\/v2\/posts"}],"about":[{"href":"https:\/\/blogdorogeriogomes.com.br\/noticias\/wp-json\/wp\/v2\/types\/post"}],"author":[{"embeddable":true,"href":"https:\/\/blogdorogeriogomes.com.br\/noticias\/wp-json\/wp\/v2\/users\/1"}],"replies":[{"embeddable":true,"href":"https:\/\/blogdorogeriogomes.com.br\/noticias\/wp-json\/wp\/v2\/comments?post=13857"}],"version-history":[{"count":1,"href":"https:\/\/blogdorogeriogomes.com.br\/noticias\/wp-json\/wp\/v2\/posts\/13857\/revisions"}],"predecessor-version":[{"id":13859,"href":"https:\/\/blogdorogeriogomes.com.br\/noticias\/wp-json\/wp\/v2\/posts\/13857\/revisions\/13859"}],"wp:attachment":[{"href":"https:\/\/blogdorogeriogomes.com.br\/noticias\/wp-json\/wp\/v2\/media?parent=13857"}],"wp:term":[{"taxonomy":"category","embeddable":true,"href":"https:\/\/blogdorogeriogomes.com.br\/noticias\/wp-json\/wp\/v2\/categories?post=13857"},{"taxonomy":"post_tag","embeddable":true,"href":"https:\/\/blogdorogeriogomes.com.br\/noticias\/wp-json\/wp\/v2\/tags?post=13857"}],"curies":[{"name":"wp","href":"https:\/\/api.w.org\/{rel}","templated":true}]}}