{"id":13860,"date":"2019-09-09T10:03:39","date_gmt":"2019-09-09T10:03:39","guid":{"rendered":"http:\/\/blogdorogeriogomes.com.br\/?p=13860"},"modified":"2019-09-09T10:03:39","modified_gmt":"2019-09-09T10:03:39","slug":"lava-jato-omitiu-dialogos-de-lula-para-impedir-sua-posse-na-casa-civil-do-governo-dilma-diz-folhaintercept","status":"publish","type":"post","link":"https:\/\/blogdorogeriogomes.com.br\/noticias\/2019\/09\/lava-jato-omitiu-dialogos-de-lula-para-impedir-sua-posse-na-casa-civil-do-governo-dilma-diz-folhaintercept\/","title":{"rendered":"Lava Jato omitiu di\u00e1logos de Lula para impedir sua posse na Casa Civil do Governo Dilma, diz Folha\/Intercept"},"content":{"rendered":"<p><img loading=\"lazy\" decoding=\"async\" class=\"alignnone size-medium wp-image-13861\" src=\"http:\/\/blogdorogeriogomes.com.br\/wp-content\/uploads\/2019\/09\/IMG_20190909_065941_933-300x247.jpg\" alt=\"IMG_20190909_065941_933\" width=\"300\" height=\"247\" srcset=\"https:\/\/blogdorogeriogomes.com.br\/noticias\/wp-content\/uploads\/2019\/09\/IMG_20190909_065941_933-300x247.jpg 300w, https:\/\/blogdorogeriogomes.com.br\/noticias\/wp-content\/uploads\/2019\/09\/IMG_20190909_065941_933.jpg 505w\" sizes=\"auto, (max-width: 300px) 100vw, 300px\" \/><\/p>\n<p>Nova reportagem publicada pela Folha de S. Paulo em parceria com o site The Intercept Brasil mostrou que conversas do ex-presidente Lula gravadas pela Pol\u00edcia Federal em 2016 e mantidas em sigilo desde ent\u00e3o, enfraquecem a tese usada pelo hoje ministro Sergio Moro para justificar a decis\u00e3o mais controversa que ele tomou como juiz \u00e0 frente da Lava Jato, que resultou na suspens\u00e3o da posse de Lula como ministro da Casa Civil de Dilma Rousseff.<br \/>\nDe acordo com a mat\u00e9ria, os di\u00e1logos, que incluem conversas de Lula com pol\u00edticos, sindicalistas e o ent\u00e3o vice-presidente Michel Temer, revelam que o petista disse a diferentes interlocutores naquele dia que relutou em aceitar o convite de Dilma para ser ministro e s\u00f3 o aceitou ap\u00f3s sofrer press\u00f5es de aliados.<br \/>\nO grampo ilegal do ent\u00e3o juiz S\u00e9rgio Moro da conversa entre Dilma e Lula foi divulgado pela Globo no dia 16 de mar\u00e7o de 2016, mas com apenas parte do material obtido pela Pol\u00edcia Federal. Com base nas conversas divulgadas pelo ex-juiz, o ministro Gilmar Mendes, do STF, anulou a posse de Lula dois dias depois, em 18 de mar\u00e7o.<br \/>\nEm nota, o PT diz que \u201cas conversas que a Lava Jato escondeu provam, mais uma vez, como era falsa a tese de \u201cdesvio de finalidade\u201d, utilizada para proibir a nomea\u00e7\u00e3o de Lula\u201d.<br \/>\nAinda neste domingo, dia 8 de setembro, o jornalista Glenn Greenwald, do Intercept, reafirmou nas suas redes sociais: &#8220;Como eu disse h\u00e1 meses &#8211; com base na minha experi\u00eancia em relatar o arquivo Snowden &#8211; algumas das revela\u00e7\u00f5es mais importantes com grandes vazamentos ocorrem no quarto, quinto e sexto meses. Tem muitas outras&#8221;.<\/p>\n","protected":false},"excerpt":{"rendered":"<p>Nova reportagem publicada pela Folha de S. Paulo em parceria com o site The Intercept Brasil mostrou que conversas do ex-presidente Lula gravadas pela Pol\u00edcia Federal em 2016 e mantidas em sigilo desde ent\u00e3o, enfraquecem a tese usada pelo hoje ministro Sergio Moro para justificar a decis\u00e3o mais controversa que ele tomou como juiz \u00e0 frente da Lava Jato, que resultou na suspens\u00e3o da posse de Lula como ministro da Casa Civil de Dilma Rousseff. De acordo com a&hellip;<\/p>\n","protected":false},"author":1,"featured_media":0,"comment_status":"open","ping_status":"open","sticky":false,"template":"","format":"standard","meta":{"footnotes":""},"categories":[1],"tags":[],"class_list":["post-13860","post","type-post","status-publish","format-standard","hentry","category-noticias"],"_links":{"self":[{"href":"https:\/\/blogdorogeriogomes.com.br\/noticias\/wp-json\/wp\/v2\/posts\/13860","targetHints":{"allow":["GET"]}}],"collection":[{"href":"https:\/\/blogdorogeriogomes.com.br\/noticias\/wp-json\/wp\/v2\/posts"}],"about":[{"href":"https:\/\/blogdorogeriogomes.com.br\/noticias\/wp-json\/wp\/v2\/types\/post"}],"author":[{"embeddable":true,"href":"https:\/\/blogdorogeriogomes.com.br\/noticias\/wp-json\/wp\/v2\/users\/1"}],"replies":[{"embeddable":true,"href":"https:\/\/blogdorogeriogomes.com.br\/noticias\/wp-json\/wp\/v2\/comments?post=13860"}],"version-history":[{"count":1,"href":"https:\/\/blogdorogeriogomes.com.br\/noticias\/wp-json\/wp\/v2\/posts\/13860\/revisions"}],"predecessor-version":[{"id":13862,"href":"https:\/\/blogdorogeriogomes.com.br\/noticias\/wp-json\/wp\/v2\/posts\/13860\/revisions\/13862"}],"wp:attachment":[{"href":"https:\/\/blogdorogeriogomes.com.br\/noticias\/wp-json\/wp\/v2\/media?parent=13860"}],"wp:term":[{"taxonomy":"category","embeddable":true,"href":"https:\/\/blogdorogeriogomes.com.br\/noticias\/wp-json\/wp\/v2\/categories?post=13860"},{"taxonomy":"post_tag","embeddable":true,"href":"https:\/\/blogdorogeriogomes.com.br\/noticias\/wp-json\/wp\/v2\/tags?post=13860"}],"curies":[{"name":"wp","href":"https:\/\/api.w.org\/{rel}","templated":true}]}}