{"id":13863,"date":"2019-09-09T20:17:03","date_gmt":"2019-09-09T20:17:03","guid":{"rendered":"http:\/\/blogdorogeriogomes.com.br\/?p=13863"},"modified":"2019-09-09T20:19:25","modified_gmt":"2019-09-09T20:19:25","slug":"procon-fortaleza-multa-a-enel-em-mais-de-r-3-milhoes-por-cobranca-duplicada","status":"publish","type":"post","link":"https:\/\/blogdorogeriogomes.com.br\/noticias\/2019\/09\/procon-fortaleza-multa-a-enel-em-mais-de-r-3-milhoes-por-cobranca-duplicada\/","title":{"rendered":"Procon Fortaleza multa a Enel em mais de R$ 3 milh\u00f5es por cobran\u00e7a duplicada"},"content":{"rendered":"<p><img loading=\"lazy\" decoding=\"async\" class=\"alignnone size-medium wp-image-13864\" src=\"http:\/\/blogdorogeriogomes.com.br\/wp-content\/uploads\/2019\/09\/IMG_20190909_171125_989-300x203.jpg\" alt=\"IMG_20190909_171125_989\" width=\"300\" height=\"203\" srcset=\"https:\/\/blogdorogeriogomes.com.br\/noticias\/wp-content\/uploads\/2019\/09\/IMG_20190909_171125_989-300x203.jpg 300w, https:\/\/blogdorogeriogomes.com.br\/noticias\/wp-content\/uploads\/2019\/09\/IMG_20190909_171125_989.jpg 613w\" sizes=\"auto, (max-width: 300px) 100vw, 300px\" \/><\/p>\n<p>A cobran\u00e7a de contas duplicadas dentro do mesmo m\u00eas saiu caro para a Enel Distribui\u00e7\u00e3o Cear\u00e1. O Procon Fortaleza multou a distribuidora de energia el\u00e9trica em cerca de R$ 3 milh\u00f5es e 67 mil reais, nesta segunda-feira, dia 9 de setembro, pela cobran\u00e7a indevida aos consumidores do Estado.<br \/>\nO argumento do Procon Municipal \u00e9 de que a Enel infringiu resolu\u00e7\u00f5es da Ag\u00eancia Nacional de Energia El\u00e9trica (Aneel) ao cobrar, sem o aviso pr\u00e9vio, contas em um intervalo menor que 30 dias. Segundo a diretora do Procon Fortaleza, Cl\u00e1udia Santos, a empresa ter\u00e1 de devolver aos consumidores que j\u00e1 realizaram o pagamento, em dobro, o valor cobrado pelas faturas.<\/p>\n<p>A Enel esclarece que a cobran\u00e7a foi leg\u00edtima e n\u00e3o haver\u00e1 devolu\u00e7\u00e3o de valores nas lojas de atendimento. A<span style=\"font-size: 0.8rem;\">\u00a0companhia esclarece que, no m\u00eas de julho, o sistema comercial da companhia passou por um processo de moderniza\u00e7\u00e3o, que garantir\u00e1 uma vers\u00e3o mais atual e mais r\u00e1pida para o atendimento aos clientes do estado.\u00a0<\/span><\/p>\n","protected":false},"excerpt":{"rendered":"<p>A cobran\u00e7a de contas duplicadas dentro do mesmo m\u00eas saiu caro para a Enel Distribui\u00e7\u00e3o Cear\u00e1. O Procon Fortaleza multou a distribuidora de energia el\u00e9trica em cerca de R$ 3 milh\u00f5es e 67 mil reais, nesta segunda-feira, dia 9 de setembro, pela cobran\u00e7a indevida aos consumidores do Estado. O argumento do Procon Municipal \u00e9 de que a Enel infringiu resolu\u00e7\u00f5es da Ag\u00eancia Nacional de Energia El\u00e9trica (Aneel) ao cobrar, sem o aviso pr\u00e9vio, contas em um intervalo menor que&hellip;<\/p>\n","protected":false},"author":1,"featured_media":0,"comment_status":"open","ping_status":"open","sticky":false,"template":"","format":"standard","meta":{"footnotes":""},"categories":[1],"tags":[],"class_list":["post-13863","post","type-post","status-publish","format-standard","hentry","category-noticias"],"_links":{"self":[{"href":"https:\/\/blogdorogeriogomes.com.br\/noticias\/wp-json\/wp\/v2\/posts\/13863","targetHints":{"allow":["GET"]}}],"collection":[{"href":"https:\/\/blogdorogeriogomes.com.br\/noticias\/wp-json\/wp\/v2\/posts"}],"about":[{"href":"https:\/\/blogdorogeriogomes.com.br\/noticias\/wp-json\/wp\/v2\/types\/post"}],"author":[{"embeddable":true,"href":"https:\/\/blogdorogeriogomes.com.br\/noticias\/wp-json\/wp\/v2\/users\/1"}],"replies":[{"embeddable":true,"href":"https:\/\/blogdorogeriogomes.com.br\/noticias\/wp-json\/wp\/v2\/comments?post=13863"}],"version-history":[{"count":3,"href":"https:\/\/blogdorogeriogomes.com.br\/noticias\/wp-json\/wp\/v2\/posts\/13863\/revisions"}],"predecessor-version":[{"id":13867,"href":"https:\/\/blogdorogeriogomes.com.br\/noticias\/wp-json\/wp\/v2\/posts\/13863\/revisions\/13867"}],"wp:attachment":[{"href":"https:\/\/blogdorogeriogomes.com.br\/noticias\/wp-json\/wp\/v2\/media?parent=13863"}],"wp:term":[{"taxonomy":"category","embeddable":true,"href":"https:\/\/blogdorogeriogomes.com.br\/noticias\/wp-json\/wp\/v2\/categories?post=13863"},{"taxonomy":"post_tag","embeddable":true,"href":"https:\/\/blogdorogeriogomes.com.br\/noticias\/wp-json\/wp\/v2\/tags?post=13863"}],"curies":[{"name":"wp","href":"https:\/\/api.w.org\/{rel}","templated":true}]}}