{"id":13868,"date":"2019-09-09T21:04:47","date_gmt":"2019-09-09T21:04:47","guid":{"rendered":"http:\/\/blogdorogeriogomes.com.br\/?p=13868"},"modified":"2019-09-09T21:04:47","modified_gmt":"2019-09-09T21:04:47","slug":"camilo-santana-busca-novos-investimentos-no-exterior-e-jose-sarto-assume-governo-do-estado","status":"publish","type":"post","link":"https:\/\/blogdorogeriogomes.com.br\/noticias\/2019\/09\/camilo-santana-busca-novos-investimentos-no-exterior-e-jose-sarto-assume-governo-do-estado\/","title":{"rendered":"Camilo Santana busca novos investimentos no Exterior e Jos\u00e9 Sarto assume Governo do Estado"},"content":{"rendered":"<p><img loading=\"lazy\" decoding=\"async\" class=\"alignnone size-medium wp-image-13869\" src=\"http:\/\/blogdorogeriogomes.com.br\/wp-content\/uploads\/2019\/09\/IMG_20190909_175733_137-300x275.jpg\" alt=\"IMG_20190909_175733_137\" width=\"300\" height=\"275\" srcset=\"https:\/\/blogdorogeriogomes.com.br\/noticias\/wp-content\/uploads\/2019\/09\/IMG_20190909_175733_137-300x275.jpg 300w, https:\/\/blogdorogeriogomes.com.br\/noticias\/wp-content\/uploads\/2019\/09\/IMG_20190909_175733_137.jpg 493w\" sizes=\"auto, (max-width: 300px) 100vw, 300px\" \/><\/p>\n<p>Em busca de investimentos estrangeiros para o Cear\u00e1, o governador Camilo Santana segue viagem para Europa e \u00c1sia, onde ficar\u00e1 at\u00e9 a pr\u00f3xima semana. Ele tem v\u00e1rias reuni\u00f5es agendadas com empres\u00e1rios de outros pa\u00edses. A partir desta ter\u00e7a-feira, dia 10 de setembro, assume o Governo do Estado, o presidente da Assembleia Legislativa, Jos\u00e9 Sarto, j\u00e1 que a vice-governadora Izolda Cela tamb\u00e9m estar\u00e1 em compromisso internacional em Cingapura.<br \/>\nCamilo Santana segue uma estrat\u00e9gia tra\u00e7ada pelos nove governadores do Nordeste de buscar parcerias internacionais. O grupo articula uma frente diplom\u00e1tica em busca de investimentos estrangeiros na regi\u00e3o \u201cA gente quer mostrar ao mundo que existem outros Brasis al\u00e9m do Brasil do governo federal\u201d, disse o governador da Bahia, Rui Costa (PT).<\/p>\n","protected":false},"excerpt":{"rendered":"<p>Em busca de investimentos estrangeiros para o Cear\u00e1, o governador Camilo Santana segue viagem para Europa e \u00c1sia, onde ficar\u00e1 at\u00e9 a pr\u00f3xima semana. Ele tem v\u00e1rias reuni\u00f5es agendadas com empres\u00e1rios de outros pa\u00edses. A partir desta ter\u00e7a-feira, dia 10 de setembro, assume o Governo do Estado, o presidente da Assembleia Legislativa, Jos\u00e9 Sarto, j\u00e1 que a vice-governadora Izolda Cela tamb\u00e9m estar\u00e1 em compromisso internacional em Cingapura. Camilo Santana segue uma estrat\u00e9gia tra\u00e7ada pelos nove governadores do Nordeste de&hellip;<\/p>\n","protected":false},"author":1,"featured_media":0,"comment_status":"open","ping_status":"open","sticky":false,"template":"","format":"standard","meta":{"footnotes":""},"categories":[1],"tags":[],"class_list":["post-13868","post","type-post","status-publish","format-standard","hentry","category-noticias"],"_links":{"self":[{"href":"https:\/\/blogdorogeriogomes.com.br\/noticias\/wp-json\/wp\/v2\/posts\/13868","targetHints":{"allow":["GET"]}}],"collection":[{"href":"https:\/\/blogdorogeriogomes.com.br\/noticias\/wp-json\/wp\/v2\/posts"}],"about":[{"href":"https:\/\/blogdorogeriogomes.com.br\/noticias\/wp-json\/wp\/v2\/types\/post"}],"author":[{"embeddable":true,"href":"https:\/\/blogdorogeriogomes.com.br\/noticias\/wp-json\/wp\/v2\/users\/1"}],"replies":[{"embeddable":true,"href":"https:\/\/blogdorogeriogomes.com.br\/noticias\/wp-json\/wp\/v2\/comments?post=13868"}],"version-history":[{"count":1,"href":"https:\/\/blogdorogeriogomes.com.br\/noticias\/wp-json\/wp\/v2\/posts\/13868\/revisions"}],"predecessor-version":[{"id":13870,"href":"https:\/\/blogdorogeriogomes.com.br\/noticias\/wp-json\/wp\/v2\/posts\/13868\/revisions\/13870"}],"wp:attachment":[{"href":"https:\/\/blogdorogeriogomes.com.br\/noticias\/wp-json\/wp\/v2\/media?parent=13868"}],"wp:term":[{"taxonomy":"category","embeddable":true,"href":"https:\/\/blogdorogeriogomes.com.br\/noticias\/wp-json\/wp\/v2\/categories?post=13868"},{"taxonomy":"post_tag","embeddable":true,"href":"https:\/\/blogdorogeriogomes.com.br\/noticias\/wp-json\/wp\/v2\/tags?post=13868"}],"curies":[{"name":"wp","href":"https:\/\/api.w.org\/{rel}","templated":true}]}}