{"id":13871,"date":"2019-09-10T08:54:41","date_gmt":"2019-09-10T08:54:41","guid":{"rendered":"http:\/\/blogdorogeriogomes.com.br\/?p=13871"},"modified":"2019-09-10T08:54:41","modified_gmt":"2019-09-10T08:54:41","slug":"paulo-guedes-reafirma-a-volta-da-cpmf-e-da-detalhes-de-como-sera-o-novo-imposto","status":"publish","type":"post","link":"https:\/\/blogdorogeriogomes.com.br\/noticias\/2019\/09\/paulo-guedes-reafirma-a-volta-da-cpmf-e-da-detalhes-de-como-sera-o-novo-imposto\/","title":{"rendered":"Paulo Guedes reafirma a volta da CPMF e d\u00e1 detalhes de como ser\u00e1 o novo imposto"},"content":{"rendered":"<p><img loading=\"lazy\" decoding=\"async\" class=\"alignnone size-medium wp-image-13872\" src=\"http:\/\/blogdorogeriogomes.com.br\/wp-content\/uploads\/2019\/09\/IMG_20190910_055034_409-300x241.jpg\" alt=\"IMG_20190910_055034_409\" width=\"300\" height=\"241\" srcset=\"https:\/\/blogdorogeriogomes.com.br\/noticias\/wp-content\/uploads\/2019\/09\/IMG_20190910_055034_409-300x241.jpg 300w, https:\/\/blogdorogeriogomes.com.br\/noticias\/wp-content\/uploads\/2019\/09\/IMG_20190910_055034_409.jpg 595w\" sizes=\"auto, (max-width: 300px) 100vw, 300px\" \/><\/p>\n<p>Ao contr\u00e1rio do que diz o presidente Jair Bolsonaro na m\u00eddia, o ministro da Economia, Paulo Guedes, reafirmou nesta segunda-feira, dia 9 de setembro, a recria\u00e7\u00e3o da CPMF, que incide em qualquer transa\u00e7\u00e3o banc\u00e1ria. O imposto vir\u00e1 rebatizado como ITF (Imposto Sobre Transa\u00e7\u00f5es Financeiras). A ideia faz parte da proposta de reforma tribut\u00e1ria, que ir\u00e1 para o Congresso.<br \/>\nEm entrevista ao jornal &#8220;Valor Econ\u00f4mico&#8221;, Paulo Guedes afirmou que a nova CPMF ter\u00e1 al\u00edquota de 0,2% a 1% e poder\u00e1 arrecadar at\u00e9 R$ 150 bilh\u00f5es por ano. Ela transferiria para toda a sociedade uma cobran\u00e7a hoje paga pelas empresas.<br \/>\nOutro plano j\u00e1 anunciado pelo ministro da Economia, Paulo Guedes, \u00e9 privatizar todas as estatais o mais r\u00e1pido poss\u00edvel.<\/p>\n","protected":false},"excerpt":{"rendered":"<p>Ao contr\u00e1rio do que diz o presidente Jair Bolsonaro na m\u00eddia, o ministro da Economia, Paulo Guedes, reafirmou nesta segunda-feira, dia 9 de setembro, a recria\u00e7\u00e3o da CPMF, que incide em qualquer transa\u00e7\u00e3o banc\u00e1ria. O imposto vir\u00e1 rebatizado como ITF (Imposto Sobre Transa\u00e7\u00f5es Financeiras). A ideia faz parte da proposta de reforma tribut\u00e1ria, que ir\u00e1 para o Congresso. Em entrevista ao jornal &#8220;Valor Econ\u00f4mico&#8221;, Paulo Guedes afirmou que a nova CPMF ter\u00e1 al\u00edquota de 0,2% a 1% e poder\u00e1&hellip;<\/p>\n","protected":false},"author":1,"featured_media":0,"comment_status":"open","ping_status":"open","sticky":false,"template":"","format":"standard","meta":{"footnotes":""},"categories":[1],"tags":[],"class_list":["post-13871","post","type-post","status-publish","format-standard","hentry","category-noticias"],"_links":{"self":[{"href":"https:\/\/blogdorogeriogomes.com.br\/noticias\/wp-json\/wp\/v2\/posts\/13871","targetHints":{"allow":["GET"]}}],"collection":[{"href":"https:\/\/blogdorogeriogomes.com.br\/noticias\/wp-json\/wp\/v2\/posts"}],"about":[{"href":"https:\/\/blogdorogeriogomes.com.br\/noticias\/wp-json\/wp\/v2\/types\/post"}],"author":[{"embeddable":true,"href":"https:\/\/blogdorogeriogomes.com.br\/noticias\/wp-json\/wp\/v2\/users\/1"}],"replies":[{"embeddable":true,"href":"https:\/\/blogdorogeriogomes.com.br\/noticias\/wp-json\/wp\/v2\/comments?post=13871"}],"version-history":[{"count":1,"href":"https:\/\/blogdorogeriogomes.com.br\/noticias\/wp-json\/wp\/v2\/posts\/13871\/revisions"}],"predecessor-version":[{"id":13873,"href":"https:\/\/blogdorogeriogomes.com.br\/noticias\/wp-json\/wp\/v2\/posts\/13871\/revisions\/13873"}],"wp:attachment":[{"href":"https:\/\/blogdorogeriogomes.com.br\/noticias\/wp-json\/wp\/v2\/media?parent=13871"}],"wp:term":[{"taxonomy":"category","embeddable":true,"href":"https:\/\/blogdorogeriogomes.com.br\/noticias\/wp-json\/wp\/v2\/categories?post=13871"},{"taxonomy":"post_tag","embeddable":true,"href":"https:\/\/blogdorogeriogomes.com.br\/noticias\/wp-json\/wp\/v2\/tags?post=13871"}],"curies":[{"name":"wp","href":"https:\/\/api.w.org\/{rel}","templated":true}]}}