{"id":13874,"date":"2019-09-10T09:14:23","date_gmt":"2019-09-10T09:14:23","guid":{"rendered":"http:\/\/blogdorogeriogomes.com.br\/?p=13874"},"modified":"2019-09-10T09:14:23","modified_gmt":"2019-09-10T09:14:23","slug":"roberto-claudio-discute-parcerias-durante-encontro-com-representantes-da-fecomercio","status":"publish","type":"post","link":"https:\/\/blogdorogeriogomes.com.br\/noticias\/2019\/09\/roberto-claudio-discute-parcerias-durante-encontro-com-representantes-da-fecomercio\/","title":{"rendered":"Roberto Cl\u00e1udio discute parcerias durante encontro com representantes da Fecom\u00e9rcio"},"content":{"rendered":"<p><img loading=\"lazy\" decoding=\"async\" class=\"alignnone size-medium wp-image-13876\" src=\"http:\/\/blogdorogeriogomes.com.br\/wp-content\/uploads\/2019\/09\/IMG_20190910_061030_485-300x193.jpg\" alt=\"IMG_20190910_061030_485\" width=\"300\" height=\"193\" srcset=\"https:\/\/blogdorogeriogomes.com.br\/noticias\/wp-content\/uploads\/2019\/09\/IMG_20190910_061030_485-300x193.jpg 300w, https:\/\/blogdorogeriogomes.com.br\/noticias\/wp-content\/uploads\/2019\/09\/IMG_20190910_061030_485-768x493.jpg 768w, https:\/\/blogdorogeriogomes.com.br\/noticias\/wp-content\/uploads\/2019\/09\/IMG_20190910_061030_485-1024x658.jpg 1024w\" sizes=\"auto, (max-width: 300px) 100vw, 300px\" \/><\/p>\n<p>O prefeito de Fortaleza, Roberto Cl\u00e1udio, se reuniu nesta segunda-feira, dia 9 de setembro, com representantes da Federa\u00e7\u00e3o do Com\u00e9rcio de Bens, Servi\u00e7os e Turismo do Cear\u00e1 (Fecom\u00e9rcio-CE), na nova unidade do Servi\u00e7o Nacional de Aprendizagem Comercial &#8211; Senac, o Senac Reference. No encontro, foram apresentados projetos, planos e ideias de parcerias a serem desenvolvidas entre as institui\u00e7\u00f5es.<br \/>\nA Fecom\u00e9rcio \u00e9 formada por 33 sindicatos filiados e conta com \u00f3rg\u00e3os como o Servi\u00e7o Social do Com\u00e9rcio (Sesc), Servi\u00e7o Nacional de Aprendizagem Comercial (Senac) e o Instituto de Pesquisa e Desenvolvimento do Cear\u00e1 (IPDC).<br \/>\nRoberto Cl\u00e1udio compartilhou os desafios at\u00e9 o fim da gest\u00e3o em 2020, al\u00e9m do conjunto de investimentos que est\u00e1 sendo desenvolvido em Fortaleza, o Mais A\u00e7\u00e3o, que conta com o montante de R$ 1,5 bilh\u00e3o de reais, fruto de v\u00e1rios financiamentos nacionais e internacionais, a ser aplicado nas mais diversas \u00e1reas da Capital.<br \/>\nEm tempo: Roberto Cl\u00e1udio tem dito que o seu partido, o PDT, s\u00f3 vai discutir a sucess\u00e3o municipal a partir de mar\u00e7o do pr\u00f3ximo ano.<\/p>\n","protected":false},"excerpt":{"rendered":"<p>O prefeito de Fortaleza, Roberto Cl\u00e1udio, se reuniu nesta segunda-feira, dia 9 de setembro, com representantes da Federa\u00e7\u00e3o do Com\u00e9rcio de Bens, Servi\u00e7os e Turismo do Cear\u00e1 (Fecom\u00e9rcio-CE), na nova unidade do Servi\u00e7o Nacional de Aprendizagem Comercial &#8211; Senac, o Senac Reference. No encontro, foram apresentados projetos, planos e ideias de parcerias a serem desenvolvidas entre as institui\u00e7\u00f5es. A Fecom\u00e9rcio \u00e9 formada por 33 sindicatos filiados e conta com \u00f3rg\u00e3os como o Servi\u00e7o Social do Com\u00e9rcio (Sesc), Servi\u00e7o Nacional&hellip;<\/p>\n","protected":false},"author":1,"featured_media":0,"comment_status":"open","ping_status":"open","sticky":false,"template":"","format":"standard","meta":{"footnotes":""},"categories":[1],"tags":[],"class_list":["post-13874","post","type-post","status-publish","format-standard","hentry","category-noticias"],"_links":{"self":[{"href":"https:\/\/blogdorogeriogomes.com.br\/noticias\/wp-json\/wp\/v2\/posts\/13874","targetHints":{"allow":["GET"]}}],"collection":[{"href":"https:\/\/blogdorogeriogomes.com.br\/noticias\/wp-json\/wp\/v2\/posts"}],"about":[{"href":"https:\/\/blogdorogeriogomes.com.br\/noticias\/wp-json\/wp\/v2\/types\/post"}],"author":[{"embeddable":true,"href":"https:\/\/blogdorogeriogomes.com.br\/noticias\/wp-json\/wp\/v2\/users\/1"}],"replies":[{"embeddable":true,"href":"https:\/\/blogdorogeriogomes.com.br\/noticias\/wp-json\/wp\/v2\/comments?post=13874"}],"version-history":[{"count":1,"href":"https:\/\/blogdorogeriogomes.com.br\/noticias\/wp-json\/wp\/v2\/posts\/13874\/revisions"}],"predecessor-version":[{"id":13877,"href":"https:\/\/blogdorogeriogomes.com.br\/noticias\/wp-json\/wp\/v2\/posts\/13874\/revisions\/13877"}],"wp:attachment":[{"href":"https:\/\/blogdorogeriogomes.com.br\/noticias\/wp-json\/wp\/v2\/media?parent=13874"}],"wp:term":[{"taxonomy":"category","embeddable":true,"href":"https:\/\/blogdorogeriogomes.com.br\/noticias\/wp-json\/wp\/v2\/categories?post=13874"},{"taxonomy":"post_tag","embeddable":true,"href":"https:\/\/blogdorogeriogomes.com.br\/noticias\/wp-json\/wp\/v2\/tags?post=13874"}],"curies":[{"name":"wp","href":"https:\/\/api.w.org\/{rel}","templated":true}]}}