{"id":13880,"date":"2019-09-10T15:32:10","date_gmt":"2019-09-10T15:32:10","guid":{"rendered":"http:\/\/blogdorogeriogomes.com.br\/?p=13880"},"modified":"2019-09-10T15:32:10","modified_gmt":"2019-09-10T15:32:10","slug":"presidente-da-camara-municipal-de-maracanau-e-alvo-de-operacao-do-ministerio-publico-estadual","status":"publish","type":"post","link":"https:\/\/blogdorogeriogomes.com.br\/noticias\/2019\/09\/presidente-da-camara-municipal-de-maracanau-e-alvo-de-operacao-do-ministerio-publico-estadual\/","title":{"rendered":"Presidente da C\u00e2mara Municipal de Maracana\u00fa \u00e9 alvo de opera\u00e7\u00e3o do Minist\u00e9rio P\u00fablico Estadual"},"content":{"rendered":"<p><img loading=\"lazy\" decoding=\"async\" class=\"alignnone size-medium wp-image-13882\" src=\"http:\/\/blogdorogeriogomes.com.br\/wp-content\/uploads\/2019\/09\/IMG_20190910_122416_361-300x300.jpg\" alt=\"IMG_20190910_122416_361\" width=\"300\" height=\"300\" srcset=\"https:\/\/blogdorogeriogomes.com.br\/noticias\/wp-content\/uploads\/2019\/09\/IMG_20190910_122416_361-300x300.jpg 300w, https:\/\/blogdorogeriogomes.com.br\/noticias\/wp-content\/uploads\/2019\/09\/IMG_20190910_122416_361-150x150.jpg 150w, https:\/\/blogdorogeriogomes.com.br\/noticias\/wp-content\/uploads\/2019\/09\/IMG_20190910_122416_361-768x768.jpg 768w, https:\/\/blogdorogeriogomes.com.br\/noticias\/wp-content\/uploads\/2019\/09\/IMG_20190910_122416_361-1024x1024.jpg 1024w\" sizes=\"auto, (max-width: 300px) 100vw, 300px\" \/><\/p>\n<p>O presidente da C\u00e2mara Municipal de Maracana\u00fa, Carlos Alberto Gomes de Matos Mota, foi alvo de uma opera\u00e7\u00e3o da Pol\u00edcia Civil e do Minist\u00e9rio P\u00fablico do Cear\u00e1 nesta ter\u00e7a-feira, dia 10 de setembro.<br \/>\nPoliciais civis da Delegacia de Defrauda\u00e7\u00f5es e Falsifica\u00e7\u00f5es e da Delegacia de Repress\u00e3o \u00e0s A\u00e7\u00f5es Criminosas Organizadas chegaram de manh\u00e3 cedo \u00e0 C\u00e2mara Municipal de Maracana\u00fa, na Regi\u00e3o Metropolitana de Fortaleza. Eles cumpriam mandados de busca e apreens\u00e3o de documentos na sede do Legislativo municipal. As buscas foram centralizadas no gabinete da presid\u00eancia da Casa. Enquanto a Pol\u00edcia realizava buscas, servidores da C\u00e2mara ficaram impedidos de entrar no pr\u00e9dio. Outros vereadores ficaram surpresos com a opera\u00e7\u00e3o do Minist\u00e9rio P\u00fablico. &#8220;Vamos esperar o andamento das investiga\u00e7\u00f5es&#8221;, disse Raphael Pessoa, vereador\/MDB.<br \/>\nO principal alvo da opera\u00e7\u00e3o \u00e9 o Presidente da C\u00e2mara Municipal de Maracana\u00fa, Carlos Alberto Gomes de Matos Mota. O processo corre em segredo de justi\u00e7a e o Minist\u00e9rio P\u00fablico n\u00e3o deu detalhes sobre os mandados de busca e apreens\u00e3o. A opera\u00e7\u00e3o foi coordenada pelo promotor de justi\u00e7a Emanuel Epaminondas.<br \/>\nAl\u00e9m de buscas de documentos e computadores na C\u00e2mara, os policiais tamb\u00e9m estiveram pela manh\u00e3 neste condom\u00ednio residencial onde mora o presidente do Legislativo. Foram recolhidas CPUs e mais documentos.<\/p>\n","protected":false},"excerpt":{"rendered":"<p>O presidente da C\u00e2mara Municipal de Maracana\u00fa, Carlos Alberto Gomes de Matos Mota, foi alvo de uma opera\u00e7\u00e3o da Pol\u00edcia Civil e do Minist\u00e9rio P\u00fablico do Cear\u00e1 nesta ter\u00e7a-feira, dia 10 de setembro. Policiais civis da Delegacia de Defrauda\u00e7\u00f5es e Falsifica\u00e7\u00f5es e da Delegacia de Repress\u00e3o \u00e0s A\u00e7\u00f5es Criminosas Organizadas chegaram de manh\u00e3 cedo \u00e0 C\u00e2mara Municipal de Maracana\u00fa, na Regi\u00e3o Metropolitana de Fortaleza. Eles cumpriam mandados de busca e apreens\u00e3o de documentos na sede do Legislativo municipal. As&hellip;<\/p>\n","protected":false},"author":1,"featured_media":0,"comment_status":"open","ping_status":"open","sticky":false,"template":"","format":"standard","meta":{"footnotes":""},"categories":[1],"tags":[],"class_list":["post-13880","post","type-post","status-publish","format-standard","hentry","category-noticias"],"_links":{"self":[{"href":"https:\/\/blogdorogeriogomes.com.br\/noticias\/wp-json\/wp\/v2\/posts\/13880","targetHints":{"allow":["GET"]}}],"collection":[{"href":"https:\/\/blogdorogeriogomes.com.br\/noticias\/wp-json\/wp\/v2\/posts"}],"about":[{"href":"https:\/\/blogdorogeriogomes.com.br\/noticias\/wp-json\/wp\/v2\/types\/post"}],"author":[{"embeddable":true,"href":"https:\/\/blogdorogeriogomes.com.br\/noticias\/wp-json\/wp\/v2\/users\/1"}],"replies":[{"embeddable":true,"href":"https:\/\/blogdorogeriogomes.com.br\/noticias\/wp-json\/wp\/v2\/comments?post=13880"}],"version-history":[{"count":1,"href":"https:\/\/blogdorogeriogomes.com.br\/noticias\/wp-json\/wp\/v2\/posts\/13880\/revisions"}],"predecessor-version":[{"id":13883,"href":"https:\/\/blogdorogeriogomes.com.br\/noticias\/wp-json\/wp\/v2\/posts\/13880\/revisions\/13883"}],"wp:attachment":[{"href":"https:\/\/blogdorogeriogomes.com.br\/noticias\/wp-json\/wp\/v2\/media?parent=13880"}],"wp:term":[{"taxonomy":"category","embeddable":true,"href":"https:\/\/blogdorogeriogomes.com.br\/noticias\/wp-json\/wp\/v2\/categories?post=13880"},{"taxonomy":"post_tag","embeddable":true,"href":"https:\/\/blogdorogeriogomes.com.br\/noticias\/wp-json\/wp\/v2\/tags?post=13880"}],"curies":[{"name":"wp","href":"https:\/\/api.w.org\/{rel}","templated":true}]}}