{"id":13884,"date":"2019-09-10T20:18:19","date_gmt":"2019-09-10T20:18:19","guid":{"rendered":"http:\/\/blogdorogeriogomes.com.br\/?p=13884"},"modified":"2019-09-10T20:18:19","modified_gmt":"2019-09-10T20:18:19","slug":"ciro-gomes-dispara-contra-declaracoes-de-ameaca-a-democracia-de-carlos-bolsonaro","status":"publish","type":"post","link":"https:\/\/blogdorogeriogomes.com.br\/noticias\/2019\/09\/ciro-gomes-dispara-contra-declaracoes-de-ameaca-a-democracia-de-carlos-bolsonaro\/","title":{"rendered":"Ciro Gomes dispara contra declara\u00e7\u00f5es de amea\u00e7a \u00e0 Democracia de Carlos Bolsonaro"},"content":{"rendered":"<p><img loading=\"lazy\" decoding=\"async\" class=\"alignnone size-medium wp-image-13885\" src=\"http:\/\/blogdorogeriogomes.com.br\/wp-content\/uploads\/2019\/09\/IMG_20190910_171324_960-300x236.jpg\" alt=\"IMG_20190910_171324_960\" width=\"300\" height=\"236\" srcset=\"https:\/\/blogdorogeriogomes.com.br\/noticias\/wp-content\/uploads\/2019\/09\/IMG_20190910_171324_960-300x236.jpg 300w, https:\/\/blogdorogeriogomes.com.br\/noticias\/wp-content\/uploads\/2019\/09\/IMG_20190910_171324_960-768x605.jpg 768w, https:\/\/blogdorogeriogomes.com.br\/noticias\/wp-content\/uploads\/2019\/09\/IMG_20190910_171324_960.jpg 818w\" sizes=\"auto, (max-width: 300px) 100vw, 300px\" \/><\/p>\n<p>As declara\u00e7\u00f5es desastradas do filho de Jair Bolsonaro, o vereador Carlos Bolsonaro, sobre o que pensa sobre \u201cDemocracia\u201d causaram repulsa nos meios pol\u00edticos, seja pelo lado da direita ou da esquerda. O ex-ministro Ciro Gomes, candidato \u00e0 Presid\u00eancia da Rep\u00fablica em 2018, bateu duro sobre o post feito por Carlos Bolsonaro na sua conta Twitter no qual disse que as mudan\u00e7as que os brasileiros querem n\u00e3o se dar\u00e3o de &#8220;forma r\u00e1pida pelas vias democr\u00e1ticas&#8221;. Ou seja, quase uma amea\u00e7a velada.<br \/>\nCiro disparou: &#8220;Veja, esse rapaz \u00e9 um percevejo desses que infestam a vida brasileira e, portanto, ele n\u00e3o merecia qualquer tipo de reflex\u00e3o. O problema \u00e9 que ele \u00e9 um filhote do Bolsonaro e ele s\u00f3 pode merecer uma reflex\u00e3o na propor\u00e7\u00e3o que isso representar um pensar do Bolsonaro&#8221;.<br \/>\nCiro Gomes ainda cobrou um posicionamento de Bolsonaro sobre a declara\u00e7\u00e3o do filho. E mandou recado direto: \u201cse ele imagina que vai transgredir o ditado do direito democr\u00e1tico, ele que tente para ver quantos brasileiros vamos encar\u00e1-lo na linguagem que ele preferir&#8221;.<\/p>\n","protected":false},"excerpt":{"rendered":"<p>As declara\u00e7\u00f5es desastradas do filho de Jair Bolsonaro, o vereador Carlos Bolsonaro, sobre o que pensa sobre \u201cDemocracia\u201d causaram repulsa nos meios pol\u00edticos, seja pelo lado da direita ou da esquerda. O ex-ministro Ciro Gomes, candidato \u00e0 Presid\u00eancia da Rep\u00fablica em 2018, bateu duro sobre o post feito por Carlos Bolsonaro na sua conta Twitter no qual disse que as mudan\u00e7as que os brasileiros querem n\u00e3o se dar\u00e3o de &#8220;forma r\u00e1pida pelas vias democr\u00e1ticas&#8221;. Ou seja, quase uma amea\u00e7a&hellip;<\/p>\n","protected":false},"author":1,"featured_media":0,"comment_status":"open","ping_status":"open","sticky":false,"template":"","format":"standard","meta":{"footnotes":""},"categories":[1],"tags":[],"class_list":["post-13884","post","type-post","status-publish","format-standard","hentry","category-noticias"],"_links":{"self":[{"href":"https:\/\/blogdorogeriogomes.com.br\/noticias\/wp-json\/wp\/v2\/posts\/13884","targetHints":{"allow":["GET"]}}],"collection":[{"href":"https:\/\/blogdorogeriogomes.com.br\/noticias\/wp-json\/wp\/v2\/posts"}],"about":[{"href":"https:\/\/blogdorogeriogomes.com.br\/noticias\/wp-json\/wp\/v2\/types\/post"}],"author":[{"embeddable":true,"href":"https:\/\/blogdorogeriogomes.com.br\/noticias\/wp-json\/wp\/v2\/users\/1"}],"replies":[{"embeddable":true,"href":"https:\/\/blogdorogeriogomes.com.br\/noticias\/wp-json\/wp\/v2\/comments?post=13884"}],"version-history":[{"count":1,"href":"https:\/\/blogdorogeriogomes.com.br\/noticias\/wp-json\/wp\/v2\/posts\/13884\/revisions"}],"predecessor-version":[{"id":13886,"href":"https:\/\/blogdorogeriogomes.com.br\/noticias\/wp-json\/wp\/v2\/posts\/13884\/revisions\/13886"}],"wp:attachment":[{"href":"https:\/\/blogdorogeriogomes.com.br\/noticias\/wp-json\/wp\/v2\/media?parent=13884"}],"wp:term":[{"taxonomy":"category","embeddable":true,"href":"https:\/\/blogdorogeriogomes.com.br\/noticias\/wp-json\/wp\/v2\/categories?post=13884"},{"taxonomy":"post_tag","embeddable":true,"href":"https:\/\/blogdorogeriogomes.com.br\/noticias\/wp-json\/wp\/v2\/tags?post=13884"}],"curies":[{"name":"wp","href":"https:\/\/api.w.org\/{rel}","templated":true}]}}