{"id":13888,"date":"2019-09-11T09:08:15","date_gmt":"2019-09-11T09:08:15","guid":{"rendered":"http:\/\/blogdorogeriogomes.com.br\/?p=13888"},"modified":"2019-09-11T09:08:15","modified_gmt":"2019-09-11T09:08:15","slug":"carteira-estudantil-criada-pelo-governo-federal-nao-tera-desconto-no-transporte-publico-em-fortaleza","status":"publish","type":"post","link":"https:\/\/blogdorogeriogomes.com.br\/noticias\/2019\/09\/carteira-estudantil-criada-pelo-governo-federal-nao-tera-desconto-no-transporte-publico-em-fortaleza\/","title":{"rendered":"Carteira estudantil criada pelo Governo Federal n\u00e3o ter\u00e1 desconto no transporte p\u00fablico em Fortaleza"},"content":{"rendered":"<p><img loading=\"lazy\" decoding=\"async\" class=\"alignnone size-medium wp-image-13889\" src=\"http:\/\/blogdorogeriogomes.com.br\/wp-content\/uploads\/2019\/09\/IMG_20190911_060350_589-300x212.jpg\" alt=\"IMG_20190911_060350_589\" width=\"300\" height=\"212\" srcset=\"https:\/\/blogdorogeriogomes.com.br\/noticias\/wp-content\/uploads\/2019\/09\/IMG_20190911_060350_589-300x212.jpg 300w, https:\/\/blogdorogeriogomes.com.br\/noticias\/wp-content\/uploads\/2019\/09\/IMG_20190911_060350_589.jpg 682w\" sizes=\"auto, (max-width: 300px) 100vw, 300px\" \/><\/p>\n<p>O Governo Federal criou oficialmente na \u00faltima segunda-feira, dia 9 de setembro, a ID Estudantil, uma carteira de estudante que ser\u00e1 emitida de forma gratuita pelo Minist\u00e9rio da Educa\u00e7\u00e3o. O documento d\u00e1 direito \u00e0 meia-entrada em espet\u00e1culos art\u00edstico-culturais e esportivos. No entanto, em Fortaleza, o novo documento n\u00e3o dar\u00e1 direito ao desconto no valor da passagem do transporte p\u00fablico, que continuar\u00e1 vinculado \u00e0 carteira emitida por entidades como a Uni\u00e3o Nacional dos Estudantes (UNE) e os diret\u00f3rios centrais dos estudantes (DCEs).<br \/>\nA cria\u00e7\u00e3o da ID Estudantil deve afetar diretamente institui\u00e7\u00f5es como a Casa do Estudante, que depende de parte do valor arrecadado com as entidades para o pagamento de despesas. A Casa do Estudante recebe jovens carentes do interior que v\u00eam estudar na Capital.<\/p>\n","protected":false},"excerpt":{"rendered":"<p>O Governo Federal criou oficialmente na \u00faltima segunda-feira, dia 9 de setembro, a ID Estudantil, uma carteira de estudante que ser\u00e1 emitida de forma gratuita pelo Minist\u00e9rio da Educa\u00e7\u00e3o. O documento d\u00e1 direito \u00e0 meia-entrada em espet\u00e1culos art\u00edstico-culturais e esportivos. No entanto, em Fortaleza, o novo documento n\u00e3o dar\u00e1 direito ao desconto no valor da passagem do transporte p\u00fablico, que continuar\u00e1 vinculado \u00e0 carteira emitida por entidades como a Uni\u00e3o Nacional dos Estudantes (UNE) e os diret\u00f3rios centrais dos&hellip;<\/p>\n","protected":false},"author":1,"featured_media":0,"comment_status":"open","ping_status":"open","sticky":false,"template":"","format":"standard","meta":{"footnotes":""},"categories":[1],"tags":[],"class_list":["post-13888","post","type-post","status-publish","format-standard","hentry","category-noticias"],"_links":{"self":[{"href":"https:\/\/blogdorogeriogomes.com.br\/noticias\/wp-json\/wp\/v2\/posts\/13888","targetHints":{"allow":["GET"]}}],"collection":[{"href":"https:\/\/blogdorogeriogomes.com.br\/noticias\/wp-json\/wp\/v2\/posts"}],"about":[{"href":"https:\/\/blogdorogeriogomes.com.br\/noticias\/wp-json\/wp\/v2\/types\/post"}],"author":[{"embeddable":true,"href":"https:\/\/blogdorogeriogomes.com.br\/noticias\/wp-json\/wp\/v2\/users\/1"}],"replies":[{"embeddable":true,"href":"https:\/\/blogdorogeriogomes.com.br\/noticias\/wp-json\/wp\/v2\/comments?post=13888"}],"version-history":[{"count":1,"href":"https:\/\/blogdorogeriogomes.com.br\/noticias\/wp-json\/wp\/v2\/posts\/13888\/revisions"}],"predecessor-version":[{"id":13890,"href":"https:\/\/blogdorogeriogomes.com.br\/noticias\/wp-json\/wp\/v2\/posts\/13888\/revisions\/13890"}],"wp:attachment":[{"href":"https:\/\/blogdorogeriogomes.com.br\/noticias\/wp-json\/wp\/v2\/media?parent=13888"}],"wp:term":[{"taxonomy":"category","embeddable":true,"href":"https:\/\/blogdorogeriogomes.com.br\/noticias\/wp-json\/wp\/v2\/categories?post=13888"},{"taxonomy":"post_tag","embeddable":true,"href":"https:\/\/blogdorogeriogomes.com.br\/noticias\/wp-json\/wp\/v2\/tags?post=13888"}],"curies":[{"name":"wp","href":"https:\/\/api.w.org\/{rel}","templated":true}]}}