{"id":13891,"date":"2019-09-11T09:18:09","date_gmt":"2019-09-11T09:18:09","guid":{"rendered":"http:\/\/blogdorogeriogomes.com.br\/?p=13891"},"modified":"2019-09-11T09:18:09","modified_gmt":"2019-09-11T09:18:09","slug":"carteiros-dos-correios-decidem-iniciar-uma-greve-por-tempo-indeterminado","status":"publish","type":"post","link":"https:\/\/blogdorogeriogomes.com.br\/noticias\/2019\/09\/carteiros-dos-correios-decidem-iniciar-uma-greve-por-tempo-indeterminado\/","title":{"rendered":"Carteiros dos Correios decidem iniciar uma greve por tempo indeterminado"},"content":{"rendered":"<p><img loading=\"lazy\" decoding=\"async\" class=\"alignnone size-medium wp-image-13892\" src=\"http:\/\/blogdorogeriogomes.com.br\/wp-content\/uploads\/2019\/09\/IMG_20190911_061355_202-300x199.jpg\" alt=\"IMG_20190911_061355_202\" width=\"300\" height=\"199\" srcset=\"https:\/\/blogdorogeriogomes.com.br\/noticias\/wp-content\/uploads\/2019\/09\/IMG_20190911_061355_202-300x199.jpg 300w, https:\/\/blogdorogeriogomes.com.br\/noticias\/wp-content\/uploads\/2019\/09\/IMG_20190911_061355_202.jpg 681w\" sizes=\"auto, (max-width: 300px) 100vw, 300px\" \/><\/p>\n<p>Os carteiros decidiram entrar em greve nacional, por tempo indeterminado, a partir desta quarta-feira-feira, dia 11 de setembro. Em S\u00e3o Paulo, a assembleia reuniu perto de 5 mil trabalhadores. Foram realizadas tamb\u00e9m assembleias no Rio de Janeiro, Bauru (SP), Tocantins, Maranh\u00e3o e em outros estados.<br \/>\nA categoria reclama do Governo Federal, que tem se recusado a negociar a pauta dos carteiros. Eles t\u00eam data-base em 1\u00ba de agosto. Bolsonaro j\u00e1 confirmou que pretende privatizar a estatal.<br \/>\nA dire\u00e7\u00e3o dos Correios quer cortar 45 cl\u00e1usulas do Acordo Coletivo de Trabalho, o que, segundo os trabalhadores, representa um preju\u00edzo anual para cada trabalhador em torno de R$ 5 mil. A empresa tamb\u00e9m oferece apenas 0,8% de reajuste salarial.<\/p>\n","protected":false},"excerpt":{"rendered":"<p>Os carteiros decidiram entrar em greve nacional, por tempo indeterminado, a partir desta quarta-feira-feira, dia 11 de setembro. Em S\u00e3o Paulo, a assembleia reuniu perto de 5 mil trabalhadores. Foram realizadas tamb\u00e9m assembleias no Rio de Janeiro, Bauru (SP), Tocantins, Maranh\u00e3o e em outros estados. A categoria reclama do Governo Federal, que tem se recusado a negociar a pauta dos carteiros. Eles t\u00eam data-base em 1\u00ba de agosto. Bolsonaro j\u00e1 confirmou que pretende privatizar a estatal. A dire\u00e7\u00e3o dos&hellip;<\/p>\n","protected":false},"author":1,"featured_media":0,"comment_status":"open","ping_status":"open","sticky":false,"template":"","format":"standard","meta":{"footnotes":""},"categories":[1],"tags":[],"class_list":["post-13891","post","type-post","status-publish","format-standard","hentry","category-noticias"],"_links":{"self":[{"href":"https:\/\/blogdorogeriogomes.com.br\/noticias\/wp-json\/wp\/v2\/posts\/13891","targetHints":{"allow":["GET"]}}],"collection":[{"href":"https:\/\/blogdorogeriogomes.com.br\/noticias\/wp-json\/wp\/v2\/posts"}],"about":[{"href":"https:\/\/blogdorogeriogomes.com.br\/noticias\/wp-json\/wp\/v2\/types\/post"}],"author":[{"embeddable":true,"href":"https:\/\/blogdorogeriogomes.com.br\/noticias\/wp-json\/wp\/v2\/users\/1"}],"replies":[{"embeddable":true,"href":"https:\/\/blogdorogeriogomes.com.br\/noticias\/wp-json\/wp\/v2\/comments?post=13891"}],"version-history":[{"count":1,"href":"https:\/\/blogdorogeriogomes.com.br\/noticias\/wp-json\/wp\/v2\/posts\/13891\/revisions"}],"predecessor-version":[{"id":13893,"href":"https:\/\/blogdorogeriogomes.com.br\/noticias\/wp-json\/wp\/v2\/posts\/13891\/revisions\/13893"}],"wp:attachment":[{"href":"https:\/\/blogdorogeriogomes.com.br\/noticias\/wp-json\/wp\/v2\/media?parent=13891"}],"wp:term":[{"taxonomy":"category","embeddable":true,"href":"https:\/\/blogdorogeriogomes.com.br\/noticias\/wp-json\/wp\/v2\/categories?post=13891"},{"taxonomy":"post_tag","embeddable":true,"href":"https:\/\/blogdorogeriogomes.com.br\/noticias\/wp-json\/wp\/v2\/tags?post=13891"}],"curies":[{"name":"wp","href":"https:\/\/api.w.org\/{rel}","templated":true}]}}