{"id":13897,"date":"2019-09-12T08:53:01","date_gmt":"2019-09-12T08:53:01","guid":{"rendered":"http:\/\/blogdorogeriogomes.com.br\/?p=13897"},"modified":"2019-09-12T08:53:01","modified_gmt":"2019-09-12T08:53:01","slug":"senado-votara-reforma-da-previdencia-em-plenario-no-dia-24-diz-alcolumbre","status":"publish","type":"post","link":"https:\/\/blogdorogeriogomes.com.br\/noticias\/2019\/09\/senado-votara-reforma-da-previdencia-em-plenario-no-dia-24-diz-alcolumbre\/","title":{"rendered":"Senado votar\u00e1 reforma da Previd\u00eancia em plen\u00e1rio no dia 24, diz Alcolumbre"},"content":{"rendered":"<p><img loading=\"lazy\" decoding=\"async\" class=\"alignnone size-medium wp-image-13898\" src=\"http:\/\/blogdorogeriogomes.com.br\/wp-content\/uploads\/2019\/09\/IMG_20190912_054858_957-300x226.jpg\" alt=\"IMG_20190912_054858_957\" width=\"300\" height=\"226\" srcset=\"https:\/\/blogdorogeriogomes.com.br\/noticias\/wp-content\/uploads\/2019\/09\/IMG_20190912_054858_957-300x226.jpg 300w, https:\/\/blogdorogeriogomes.com.br\/noticias\/wp-content\/uploads\/2019\/09\/IMG_20190912_054858_957.jpg 598w\" sizes=\"auto, (max-width: 300px) 100vw, 300px\" \/><\/p>\n<p>O presidente do Senado, Davi Alcolumbre, prev\u00ea que vota\u00e7\u00e3o em plen\u00e1rio do texto principal da reforma da Previd\u00eancia vai acontecer no dia 24 de setembro, em acordo com os l\u00edderes partid\u00e1rios, garantindo todos os prazos regimentais. Enquanto isso, corre o prazo de cinco sess\u00f5es em plen\u00e1rio para discuss\u00e3o do tema.<br \/>\nO relator da proposta, senador Tasso Jereissati (PSDB), admitiu que pode fazer altera\u00e7\u00f5es no relat\u00f3rio para evitar que a reforma tenha que retornar \u00e0 C\u00e2mara dos Deputados.<br \/>\nA vota\u00e7\u00e3o em segundo turno, segundo Davi Alcolumbre, pode ocorrer na semana entre 3 e 10 de outubro.<\/p>\n","protected":false},"excerpt":{"rendered":"<p>O presidente do Senado, Davi Alcolumbre, prev\u00ea que vota\u00e7\u00e3o em plen\u00e1rio do texto principal da reforma da Previd\u00eancia vai acontecer no dia 24 de setembro, em acordo com os l\u00edderes partid\u00e1rios, garantindo todos os prazos regimentais. Enquanto isso, corre o prazo de cinco sess\u00f5es em plen\u00e1rio para discuss\u00e3o do tema. O relator da proposta, senador Tasso Jereissati (PSDB), admitiu que pode fazer altera\u00e7\u00f5es no relat\u00f3rio para evitar que a reforma tenha que retornar \u00e0 C\u00e2mara dos Deputados. A vota\u00e7\u00e3o&hellip;<\/p>\n","protected":false},"author":1,"featured_media":0,"comment_status":"open","ping_status":"open","sticky":false,"template":"","format":"standard","meta":{"footnotes":""},"categories":[1],"tags":[],"class_list":["post-13897","post","type-post","status-publish","format-standard","hentry","category-noticias"],"_links":{"self":[{"href":"https:\/\/blogdorogeriogomes.com.br\/noticias\/wp-json\/wp\/v2\/posts\/13897","targetHints":{"allow":["GET"]}}],"collection":[{"href":"https:\/\/blogdorogeriogomes.com.br\/noticias\/wp-json\/wp\/v2\/posts"}],"about":[{"href":"https:\/\/blogdorogeriogomes.com.br\/noticias\/wp-json\/wp\/v2\/types\/post"}],"author":[{"embeddable":true,"href":"https:\/\/blogdorogeriogomes.com.br\/noticias\/wp-json\/wp\/v2\/users\/1"}],"replies":[{"embeddable":true,"href":"https:\/\/blogdorogeriogomes.com.br\/noticias\/wp-json\/wp\/v2\/comments?post=13897"}],"version-history":[{"count":1,"href":"https:\/\/blogdorogeriogomes.com.br\/noticias\/wp-json\/wp\/v2\/posts\/13897\/revisions"}],"predecessor-version":[{"id":13899,"href":"https:\/\/blogdorogeriogomes.com.br\/noticias\/wp-json\/wp\/v2\/posts\/13897\/revisions\/13899"}],"wp:attachment":[{"href":"https:\/\/blogdorogeriogomes.com.br\/noticias\/wp-json\/wp\/v2\/media?parent=13897"}],"wp:term":[{"taxonomy":"category","embeddable":true,"href":"https:\/\/blogdorogeriogomes.com.br\/noticias\/wp-json\/wp\/v2\/categories?post=13897"},{"taxonomy":"post_tag","embeddable":true,"href":"https:\/\/blogdorogeriogomes.com.br\/noticias\/wp-json\/wp\/v2\/tags?post=13897"}],"curies":[{"name":"wp","href":"https:\/\/api.w.org\/{rel}","templated":true}]}}