{"id":13903,"date":"2019-09-12T11:30:30","date_gmt":"2019-09-12T11:30:30","guid":{"rendered":"http:\/\/blogdorogeriogomes.com.br\/?p=13903"},"modified":"2019-09-12T11:30:30","modified_gmt":"2019-09-12T11:30:30","slug":"camara-municipal-aprova-projeto-que-proibe-canudos-plasticos-em-fortaleza","status":"publish","type":"post","link":"https:\/\/blogdorogeriogomes.com.br\/noticias\/2019\/09\/camara-municipal-aprova-projeto-que-proibe-canudos-plasticos-em-fortaleza\/","title":{"rendered":"C\u00e2mara Municipal aprova projeto que pro\u00edbe canudos pl\u00e1sticos em Fortaleza"},"content":{"rendered":"<p><img loading=\"lazy\" decoding=\"async\" class=\"alignnone size-medium wp-image-13904\" src=\"http:\/\/blogdorogeriogomes.com.br\/wp-content\/uploads\/2019\/09\/IMG_20190911_185401_166-300x202.jpg\" alt=\"IMG_20190911_185401_166\" width=\"300\" height=\"202\" srcset=\"https:\/\/blogdorogeriogomes.com.br\/noticias\/wp-content\/uploads\/2019\/09\/IMG_20190911_185401_166-300x202.jpg 300w, https:\/\/blogdorogeriogomes.com.br\/noticias\/wp-content\/uploads\/2019\/09\/IMG_20190911_185401_166.jpg 670w\" sizes=\"auto, (max-width: 300px) 100vw, 300px\" \/><\/p>\n<p>De autoria do vereador Iraguassu Filho (PDT), um projeto que pro\u00edbe a utiliza\u00e7\u00e3o de canudos pl\u00e1sticos em estabelecimentos comerciais de Fortaleza foi aprovado pela C\u00e2mara Municipal de Fortaleza, nesta quarta-feira, dia 11 de setembro. O texto aprovado prev\u00ea que os estabelecimentos da Capital ter\u00e3o prazo de 180 dias para se adequar \u00e0 lei, que ainda depende da san\u00e7\u00e3o do prefeito Roberto Cl\u00e1udio.<br \/>\nO Poder Executivo deve fomentar a realiza\u00e7\u00e3o de campanhas permanentes de educa\u00e7\u00e3o ambiental voltadas para a n\u00e3o utiliza\u00e7\u00e3o de canudos pl\u00e1sticos.<br \/>\nNa pr\u00e1tica, a medida obriga restaurantes, lanchonetes, bares e vendedores ambulantes a usarem e fornecerem a seus clientes somente canudos de papel biodegrad\u00e1vel e ou recicl\u00e1vel.<br \/>\nA multa inicial para os estabelecimentos que n\u00e3o cumprirem a lei varia entre R$ 1.065,00 e R$ 6.390,00. Esse valor ser\u00e1 50% menor quando o infrator for microempreendedor individual e 25% quando for microempresa.<br \/>\nEm outras capitais brasileiras, o uso de canudos pl\u00e1sticos j\u00e1 \u00e9 proibido.<\/p>\n","protected":false},"excerpt":{"rendered":"<p>De autoria do vereador Iraguassu Filho (PDT), um projeto que pro\u00edbe a utiliza\u00e7\u00e3o de canudos pl\u00e1sticos em estabelecimentos comerciais de Fortaleza foi aprovado pela C\u00e2mara Municipal de Fortaleza, nesta quarta-feira, dia 11 de setembro. O texto aprovado prev\u00ea que os estabelecimentos da Capital ter\u00e3o prazo de 180 dias para se adequar \u00e0 lei, que ainda depende da san\u00e7\u00e3o do prefeito Roberto Cl\u00e1udio. O Poder Executivo deve fomentar a realiza\u00e7\u00e3o de campanhas permanentes de educa\u00e7\u00e3o ambiental voltadas para a n\u00e3o&hellip;<\/p>\n","protected":false},"author":1,"featured_media":0,"comment_status":"open","ping_status":"open","sticky":false,"template":"","format":"standard","meta":{"footnotes":""},"categories":[1],"tags":[],"class_list":["post-13903","post","type-post","status-publish","format-standard","hentry","category-noticias"],"_links":{"self":[{"href":"https:\/\/blogdorogeriogomes.com.br\/noticias\/wp-json\/wp\/v2\/posts\/13903","targetHints":{"allow":["GET"]}}],"collection":[{"href":"https:\/\/blogdorogeriogomes.com.br\/noticias\/wp-json\/wp\/v2\/posts"}],"about":[{"href":"https:\/\/blogdorogeriogomes.com.br\/noticias\/wp-json\/wp\/v2\/types\/post"}],"author":[{"embeddable":true,"href":"https:\/\/blogdorogeriogomes.com.br\/noticias\/wp-json\/wp\/v2\/users\/1"}],"replies":[{"embeddable":true,"href":"https:\/\/blogdorogeriogomes.com.br\/noticias\/wp-json\/wp\/v2\/comments?post=13903"}],"version-history":[{"count":1,"href":"https:\/\/blogdorogeriogomes.com.br\/noticias\/wp-json\/wp\/v2\/posts\/13903\/revisions"}],"predecessor-version":[{"id":13905,"href":"https:\/\/blogdorogeriogomes.com.br\/noticias\/wp-json\/wp\/v2\/posts\/13903\/revisions\/13905"}],"wp:attachment":[{"href":"https:\/\/blogdorogeriogomes.com.br\/noticias\/wp-json\/wp\/v2\/media?parent=13903"}],"wp:term":[{"taxonomy":"category","embeddable":true,"href":"https:\/\/blogdorogeriogomes.com.br\/noticias\/wp-json\/wp\/v2\/categories?post=13903"},{"taxonomy":"post_tag","embeddable":true,"href":"https:\/\/blogdorogeriogomes.com.br\/noticias\/wp-json\/wp\/v2\/tags?post=13903"}],"curies":[{"name":"wp","href":"https:\/\/api.w.org\/{rel}","templated":true}]}}