{"id":13906,"date":"2019-09-12T20:36:42","date_gmt":"2019-09-12T20:36:42","guid":{"rendered":"http:\/\/blogdorogeriogomes.com.br\/?p=13906"},"modified":"2019-09-12T20:36:42","modified_gmt":"2019-09-12T20:36:42","slug":"agencias-da-caixa-iniciam-pagamento-dos-r-500-do-fgts-nesta-sexta-feira-com-horario-diferenciado","status":"publish","type":"post","link":"https:\/\/blogdorogeriogomes.com.br\/noticias\/2019\/09\/agencias-da-caixa-iniciam-pagamento-dos-r-500-do-fgts-nesta-sexta-feira-com-horario-diferenciado\/","title":{"rendered":"Ag\u00eancias da Caixa iniciam pagamento dos  R$ 500 do FGTS nesta sexta-feira com hor\u00e1rio diferenciado"},"content":{"rendered":"<p><img loading=\"lazy\" decoding=\"async\" class=\"alignnone size-medium wp-image-13907\" src=\"http:\/\/blogdorogeriogomes.com.br\/wp-content\/uploads\/2019\/09\/IMG_20190912_173034_615-300x225.jpg\" alt=\"IMG_20190912_173034_615\" width=\"300\" height=\"225\" srcset=\"https:\/\/blogdorogeriogomes.com.br\/noticias\/wp-content\/uploads\/2019\/09\/IMG_20190912_173034_615-300x225.jpg 300w, https:\/\/blogdorogeriogomes.com.br\/noticias\/wp-content\/uploads\/2019\/09\/IMG_20190912_173034_615.jpg 604w\" sizes=\"auto, (max-width: 300px) 100vw, 300px\" \/><\/p>\n<p>A Caixa Econ\u00f4mica abre em hor\u00e1rio diferenciado a partir desta sexta-feira, dia 13 de setembro, para o pagamento de at\u00e9 R$ 500 reais dos recursos do Fundo de Garantia do Tempo de Servi\u00e7o (FGTS), autorizado pelo Governo Federal. Todas as ag\u00eancias abrir\u00e3o \u00e0s 8 horas da manh\u00e3. No s\u00e1bado, dia 14 de setembro, o funcionamento ser\u00e1 de 9 \u00e0s 15 horas.<br \/>\nO calend\u00e1rio de pagamentos segue um cronograma de acordo com a data de nascimento do benefici\u00e1rio. Nesta sexta-feira ser\u00e1 iniciado o pagamento para quem \u00e9 correntista da Caixa Econ\u00f4mica e nasceu entre os meses de janeiro e abril.<br \/>\nNo Cear\u00e1, cerca de 2,8 milh\u00f5es de trabalhadores ter\u00e3o direito ao saque imediato do recurso. Ser\u00e3o pagos mais de R$ 894 milh\u00f5es no Estado. Em todo Brasil, ser\u00e3o disponibilizados R$ 39,8 bilh\u00f5es para 96,4 milh\u00f5es de pessoas aptas a fazer o saque.<\/p>\n","protected":false},"excerpt":{"rendered":"<p>A Caixa Econ\u00f4mica abre em hor\u00e1rio diferenciado a partir desta sexta-feira, dia 13 de setembro, para o pagamento de at\u00e9 R$ 500 reais dos recursos do Fundo de Garantia do Tempo de Servi\u00e7o (FGTS), autorizado pelo Governo Federal. Todas as ag\u00eancias abrir\u00e3o \u00e0s 8 horas da manh\u00e3. No s\u00e1bado, dia 14 de setembro, o funcionamento ser\u00e1 de 9 \u00e0s 15 horas. O calend\u00e1rio de pagamentos segue um cronograma de acordo com a data de nascimento do benefici\u00e1rio. Nesta sexta-feira&hellip;<\/p>\n","protected":false},"author":1,"featured_media":0,"comment_status":"open","ping_status":"open","sticky":false,"template":"","format":"standard","meta":{"footnotes":""},"categories":[1],"tags":[],"class_list":["post-13906","post","type-post","status-publish","format-standard","hentry","category-noticias"],"_links":{"self":[{"href":"https:\/\/blogdorogeriogomes.com.br\/noticias\/wp-json\/wp\/v2\/posts\/13906","targetHints":{"allow":["GET"]}}],"collection":[{"href":"https:\/\/blogdorogeriogomes.com.br\/noticias\/wp-json\/wp\/v2\/posts"}],"about":[{"href":"https:\/\/blogdorogeriogomes.com.br\/noticias\/wp-json\/wp\/v2\/types\/post"}],"author":[{"embeddable":true,"href":"https:\/\/blogdorogeriogomes.com.br\/noticias\/wp-json\/wp\/v2\/users\/1"}],"replies":[{"embeddable":true,"href":"https:\/\/blogdorogeriogomes.com.br\/noticias\/wp-json\/wp\/v2\/comments?post=13906"}],"version-history":[{"count":1,"href":"https:\/\/blogdorogeriogomes.com.br\/noticias\/wp-json\/wp\/v2\/posts\/13906\/revisions"}],"predecessor-version":[{"id":13908,"href":"https:\/\/blogdorogeriogomes.com.br\/noticias\/wp-json\/wp\/v2\/posts\/13906\/revisions\/13908"}],"wp:attachment":[{"href":"https:\/\/blogdorogeriogomes.com.br\/noticias\/wp-json\/wp\/v2\/media?parent=13906"}],"wp:term":[{"taxonomy":"category","embeddable":true,"href":"https:\/\/blogdorogeriogomes.com.br\/noticias\/wp-json\/wp\/v2\/categories?post=13906"},{"taxonomy":"post_tag","embeddable":true,"href":"https:\/\/blogdorogeriogomes.com.br\/noticias\/wp-json\/wp\/v2\/tags?post=13906"}],"curies":[{"name":"wp","href":"https:\/\/api.w.org\/{rel}","templated":true}]}}