{"id":13909,"date":"2019-09-12T23:38:36","date_gmt":"2019-09-12T23:38:36","guid":{"rendered":"http:\/\/blogdorogeriogomes.com.br\/?p=13909"},"modified":"2019-09-12T23:38:36","modified_gmt":"2019-09-12T23:38:36","slug":"bancadas-do-pt-protocolam-no-stf-noticia-crime-contra-moro-e-procuradores-da-lava-jato","status":"publish","type":"post","link":"https:\/\/blogdorogeriogomes.com.br\/noticias\/2019\/09\/bancadas-do-pt-protocolam-no-stf-noticia-crime-contra-moro-e-procuradores-da-lava-jato\/","title":{"rendered":"Bancadas do PT protocolam no STF &#8220;not\u00edcia-crime&#8221; contra Moro e procuradores da Lava Jato"},"content":{"rendered":"<p><img loading=\"lazy\" decoding=\"async\" class=\"alignnone size-medium wp-image-13911\" src=\"http:\/\/blogdorogeriogomes.com.br\/wp-content\/uploads\/2019\/09\/IMG_20190912_203459_855-300x253.jpg\" alt=\"IMG_20190912_203459_855\" width=\"300\" height=\"253\" srcset=\"https:\/\/blogdorogeriogomes.com.br\/noticias\/wp-content\/uploads\/2019\/09\/IMG_20190912_203459_855-300x253.jpg 300w, https:\/\/blogdorogeriogomes.com.br\/noticias\/wp-content\/uploads\/2019\/09\/IMG_20190912_203459_855.jpg 509w\" sizes=\"auto, (max-width: 300px) 100vw, 300px\" \/><\/p>\n<p>As bancadas do PT na C\u00e2mara dos Deputados e no Senado Federal protocolaram nesta quinta-feira, dia 12 de setembro, no Supremo Tribunal Federal, uma not\u00edcia-crime contra os procuradores da for\u00e7a-tarefa da opera\u00e7\u00e3o Lava Jato e o ex-juiz S\u00e9rgio Moro no epis\u00f3dio que envolveu o grampo ilegal e divulga\u00e7\u00e3o de um di\u00e1logo telef\u00f4nico entre a ent\u00e3o presidente Dilma Rousseff e o ex-presidente Lula.<br \/>\nParlamentares requerem ao presidente do STF, Dias Toffoli, a abertura de processo criminal contra eles por terem omitido grava\u00e7\u00f5es telef\u00f4nicas que mostravam a inten\u00e7\u00e3o de Lula assumir a gest\u00e3o da Casa Civil, em 2015, para auxiliar a ent\u00e3o presidenta Dilma Rousseff.<br \/>\nNos bastidores pol\u00edticos de Bras\u00edlia tamb\u00e9m cresce a especula\u00e7\u00e3o do futuro do ministro da Justi\u00e7a, S\u00e9rgio Moro, no Governo Federal. Reportagem da Revista \u00c9poca revela que Moro estaria decidido a deixar o governo se uma canetada de Jair Bolsonaro tirar Maur\u00edcio Valeixo da dire\u00e7\u00e3o-geral da Pol\u00edcia Federal e n\u00e3o colocar em seu lugar algu\u00e9m da confian\u00e7a de Moro.<br \/>\nSegundo fontes da publica\u00e7\u00e3o, o ministro estaria \u201cexaurido\u201d. Pessoas da confian\u00e7a de Moro dizem que se o presidente n\u00e3o colocar algu\u00e9m da confian\u00e7a do ex-juiz no comando da Pol\u00edcia Federal, ele deixar\u00e1 o governo.<\/p>\n","protected":false},"excerpt":{"rendered":"<p>As bancadas do PT na C\u00e2mara dos Deputados e no Senado Federal protocolaram nesta quinta-feira, dia 12 de setembro, no Supremo Tribunal Federal, uma not\u00edcia-crime contra os procuradores da for\u00e7a-tarefa da opera\u00e7\u00e3o Lava Jato e o ex-juiz S\u00e9rgio Moro no epis\u00f3dio que envolveu o grampo ilegal e divulga\u00e7\u00e3o de um di\u00e1logo telef\u00f4nico entre a ent\u00e3o presidente Dilma Rousseff e o ex-presidente Lula. Parlamentares requerem ao presidente do STF, Dias Toffoli, a abertura de processo criminal contra eles por terem&hellip;<\/p>\n","protected":false},"author":1,"featured_media":0,"comment_status":"open","ping_status":"open","sticky":false,"template":"","format":"standard","meta":{"footnotes":""},"categories":[1],"tags":[],"class_list":["post-13909","post","type-post","status-publish","format-standard","hentry","category-noticias"],"_links":{"self":[{"href":"https:\/\/blogdorogeriogomes.com.br\/noticias\/wp-json\/wp\/v2\/posts\/13909","targetHints":{"allow":["GET"]}}],"collection":[{"href":"https:\/\/blogdorogeriogomes.com.br\/noticias\/wp-json\/wp\/v2\/posts"}],"about":[{"href":"https:\/\/blogdorogeriogomes.com.br\/noticias\/wp-json\/wp\/v2\/types\/post"}],"author":[{"embeddable":true,"href":"https:\/\/blogdorogeriogomes.com.br\/noticias\/wp-json\/wp\/v2\/users\/1"}],"replies":[{"embeddable":true,"href":"https:\/\/blogdorogeriogomes.com.br\/noticias\/wp-json\/wp\/v2\/comments?post=13909"}],"version-history":[{"count":1,"href":"https:\/\/blogdorogeriogomes.com.br\/noticias\/wp-json\/wp\/v2\/posts\/13909\/revisions"}],"predecessor-version":[{"id":13912,"href":"https:\/\/blogdorogeriogomes.com.br\/noticias\/wp-json\/wp\/v2\/posts\/13909\/revisions\/13912"}],"wp:attachment":[{"href":"https:\/\/blogdorogeriogomes.com.br\/noticias\/wp-json\/wp\/v2\/media?parent=13909"}],"wp:term":[{"taxonomy":"category","embeddable":true,"href":"https:\/\/blogdorogeriogomes.com.br\/noticias\/wp-json\/wp\/v2\/categories?post=13909"},{"taxonomy":"post_tag","embeddable":true,"href":"https:\/\/blogdorogeriogomes.com.br\/noticias\/wp-json\/wp\/v2\/tags?post=13909"}],"curies":[{"name":"wp","href":"https:\/\/api.w.org\/{rel}","templated":true}]}}