{"id":13913,"date":"2019-09-13T08:38:27","date_gmt":"2019-09-13T08:38:27","guid":{"rendered":"http:\/\/blogdorogeriogomes.com.br\/?p=13913"},"modified":"2019-09-13T08:49:34","modified_gmt":"2019-09-13T08:49:34","slug":"comitiva-cearense-participar-de-encontro-sobre-gestao-de-pessoas-e-educacao-na-asia","status":"publish","type":"post","link":"https:\/\/blogdorogeriogomes.com.br\/noticias\/2019\/09\/comitiva-cearense-participar-de-encontro-sobre-gestao-de-pessoas-e-educacao-na-asia\/","title":{"rendered":"Comitiva cearense participa de Encontro sobre Gest\u00e3o de Pessoas e Educa\u00e7\u00e3o na \u00c1sia"},"content":{"rendered":"<p><img loading=\"lazy\" decoding=\"async\" class=\"alignnone size-medium wp-image-13914\" src=\"http:\/\/blogdorogeriogomes.com.br\/wp-content\/uploads\/2019\/09\/IMG_20190913_053347_316-300x226.jpg\" alt=\"IMG_20190913_053347_316\" width=\"300\" height=\"226\" srcset=\"https:\/\/blogdorogeriogomes.com.br\/noticias\/wp-content\/uploads\/2019\/09\/IMG_20190913_053347_316-300x226.jpg 300w, https:\/\/blogdorogeriogomes.com.br\/noticias\/wp-content\/uploads\/2019\/09\/IMG_20190913_053347_316-768x579.jpg 768w, https:\/\/blogdorogeriogomes.com.br\/noticias\/wp-content\/uploads\/2019\/09\/IMG_20190913_053347_316-1024x772.jpg 1024w, https:\/\/blogdorogeriogomes.com.br\/noticias\/wp-content\/uploads\/2019\/09\/IMG_20190913_053347_316.jpg 1194w\" sizes=\"auto, (max-width: 300px) 100vw, 300px\" \/><\/p>\n<p>Em um dos primeiros compromissos no Exterior, o governador Camilo Santana participou em Singapura, na \u00c1sia, de Encontro sobre Gest\u00e3o de Pessoas e Educa\u00e7\u00e3o, promovido pela Funda\u00e7\u00e3o Lemann. O evento, que segue at\u00e9 esta sexta-feira, dia 13 de setembro, tem como discuss\u00e3o central os desafios da gest\u00e3o p\u00fablica e o compartilhamento de experi\u00eancias exitosas em educa\u00e7\u00e3o. Os governadores Paulo C\u00e2mara, de Pernambuco, e Eduardo Leite, do Rio Grande do Sul, tamb\u00e9m participam do semin\u00e1rio, assim como vice-governadores, secret\u00e1rios de Estado, educadores e empres\u00e1rios brasileiros e locais.<br \/>\n\u201cFoi um momento para a troca de experi\u00eancias e conhecimento na busca pela melhoria da gest\u00e3o p\u00fablica e da efici\u00eancia dos servi\u00e7os para a popula\u00e7\u00e3o. Temos uma parceria muito importante com a Funda\u00e7\u00e3o Lemann para um novo modelo de sele\u00e7\u00e3o p\u00fablica. Fomos um dos primeiros estados a aderir a esse novo projeto de como aperfei\u00e7oar e melhorar a gest\u00e3o e, principalmente, a sele\u00e7\u00e3o de pessoas para os cargos no Estado\u201d, ressaltou o governador Camilo Santana.<\/p>\n","protected":false},"excerpt":{"rendered":"<p>Em um dos primeiros compromissos no Exterior, o governador Camilo Santana participou em Singapura, na \u00c1sia, de Encontro sobre Gest\u00e3o de Pessoas e Educa\u00e7\u00e3o, promovido pela Funda\u00e7\u00e3o Lemann. O evento, que segue at\u00e9 esta sexta-feira, dia 13 de setembro, tem como discuss\u00e3o central os desafios da gest\u00e3o p\u00fablica e o compartilhamento de experi\u00eancias exitosas em educa\u00e7\u00e3o. Os governadores Paulo C\u00e2mara, de Pernambuco, e Eduardo Leite, do Rio Grande do Sul, tamb\u00e9m participam do semin\u00e1rio, assim como vice-governadores, secret\u00e1rios de&hellip;<\/p>\n","protected":false},"author":1,"featured_media":0,"comment_status":"open","ping_status":"open","sticky":false,"template":"","format":"standard","meta":{"footnotes":""},"categories":[1],"tags":[],"class_list":["post-13913","post","type-post","status-publish","format-standard","hentry","category-noticias"],"_links":{"self":[{"href":"https:\/\/blogdorogeriogomes.com.br\/noticias\/wp-json\/wp\/v2\/posts\/13913","targetHints":{"allow":["GET"]}}],"collection":[{"href":"https:\/\/blogdorogeriogomes.com.br\/noticias\/wp-json\/wp\/v2\/posts"}],"about":[{"href":"https:\/\/blogdorogeriogomes.com.br\/noticias\/wp-json\/wp\/v2\/types\/post"}],"author":[{"embeddable":true,"href":"https:\/\/blogdorogeriogomes.com.br\/noticias\/wp-json\/wp\/v2\/users\/1"}],"replies":[{"embeddable":true,"href":"https:\/\/blogdorogeriogomes.com.br\/noticias\/wp-json\/wp\/v2\/comments?post=13913"}],"version-history":[{"count":2,"href":"https:\/\/blogdorogeriogomes.com.br\/noticias\/wp-json\/wp\/v2\/posts\/13913\/revisions"}],"predecessor-version":[{"id":13919,"href":"https:\/\/blogdorogeriogomes.com.br\/noticias\/wp-json\/wp\/v2\/posts\/13913\/revisions\/13919"}],"wp:attachment":[{"href":"https:\/\/blogdorogeriogomes.com.br\/noticias\/wp-json\/wp\/v2\/media?parent=13913"}],"wp:term":[{"taxonomy":"category","embeddable":true,"href":"https:\/\/blogdorogeriogomes.com.br\/noticias\/wp-json\/wp\/v2\/categories?post=13913"},{"taxonomy":"post_tag","embeddable":true,"href":"https:\/\/blogdorogeriogomes.com.br\/noticias\/wp-json\/wp\/v2\/tags?post=13913"}],"curies":[{"name":"wp","href":"https:\/\/api.w.org\/{rel}","templated":true}]}}