{"id":13916,"date":"2019-09-13T08:47:02","date_gmt":"2019-09-13T08:47:02","guid":{"rendered":"http:\/\/blogdorogeriogomes.com.br\/?p=13916"},"modified":"2019-09-13T08:47:02","modified_gmt":"2019-09-13T08:47:02","slug":"nova-concessionaria-do-aeroporto-de-juazeiro-assume-em-janeiro-de-2020","status":"publish","type":"post","link":"https:\/\/blogdorogeriogomes.com.br\/noticias\/2019\/09\/nova-concessionaria-do-aeroporto-de-juazeiro-assume-em-janeiro-de-2020\/","title":{"rendered":"Nova concession\u00e1ria do Aeroporto de Juazeiro assume em janeiro de 2020"},"content":{"rendered":"<p><img loading=\"lazy\" decoding=\"async\" class=\"alignnone size-medium wp-image-13917\" src=\"http:\/\/blogdorogeriogomes.com.br\/wp-content\/uploads\/2019\/09\/IMG_20190913_054422_886-300x208.jpg\" alt=\"IMG_20190913_054422_886\" width=\"300\" height=\"208\" srcset=\"https:\/\/blogdorogeriogomes.com.br\/noticias\/wp-content\/uploads\/2019\/09\/IMG_20190913_054422_886-300x208.jpg 300w, https:\/\/blogdorogeriogomes.com.br\/noticias\/wp-content\/uploads\/2019\/09\/IMG_20190913_054422_886.jpg 649w\" sizes=\"auto, (max-width: 300px) 100vw, 300px\" \/><\/p>\n<p>O Aeroporto de Juazeiro foi concedido em mar\u00e7o passado para o grupo espanhol Aena Desarollo Internacional, junto com outros terminais da regi\u00e3o Nordeste. A Aena deve assumir o controle do terminal em 15 de janeiro de 2020.<br \/>\nO contrato de concess\u00e3o foi assinado na semana passada. H\u00e1 ainda 30 dias de an\u00e1lise da Ag\u00eancia Nacional de Avia\u00e7\u00e3o Civil (Anac). A partir de outubro, os espanh\u00f3is passam a assumir de forma conjunta com a Empresa Brasileira de Infraestrutura Aeroportu\u00e1ria (Infraero).<br \/>\nA Aena assinou contrato de concess\u00e3o do Bloco Nordeste, que inclui, al\u00e9m do Aeroporto de Juazeiro do Norte, os terminais de Recife (PE), Macei\u00f3 (AL), Jo\u00e3o Pessoa (PB), Aracaju (SE) e Campina Grande (PB).<\/p>\n","protected":false},"excerpt":{"rendered":"<p>O Aeroporto de Juazeiro foi concedido em mar\u00e7o passado para o grupo espanhol Aena Desarollo Internacional, junto com outros terminais da regi\u00e3o Nordeste. A Aena deve assumir o controle do terminal em 15 de janeiro de 2020. O contrato de concess\u00e3o foi assinado na semana passada. H\u00e1 ainda 30 dias de an\u00e1lise da Ag\u00eancia Nacional de Avia\u00e7\u00e3o Civil (Anac). A partir de outubro, os espanh\u00f3is passam a assumir de forma conjunta com a Empresa Brasileira de Infraestrutura Aeroportu\u00e1ria (Infraero).&hellip;<\/p>\n","protected":false},"author":1,"featured_media":0,"comment_status":"open","ping_status":"open","sticky":false,"template":"","format":"standard","meta":{"footnotes":""},"categories":[1],"tags":[],"class_list":["post-13916","post","type-post","status-publish","format-standard","hentry","category-noticias"],"_links":{"self":[{"href":"https:\/\/blogdorogeriogomes.com.br\/noticias\/wp-json\/wp\/v2\/posts\/13916","targetHints":{"allow":["GET"]}}],"collection":[{"href":"https:\/\/blogdorogeriogomes.com.br\/noticias\/wp-json\/wp\/v2\/posts"}],"about":[{"href":"https:\/\/blogdorogeriogomes.com.br\/noticias\/wp-json\/wp\/v2\/types\/post"}],"author":[{"embeddable":true,"href":"https:\/\/blogdorogeriogomes.com.br\/noticias\/wp-json\/wp\/v2\/users\/1"}],"replies":[{"embeddable":true,"href":"https:\/\/blogdorogeriogomes.com.br\/noticias\/wp-json\/wp\/v2\/comments?post=13916"}],"version-history":[{"count":1,"href":"https:\/\/blogdorogeriogomes.com.br\/noticias\/wp-json\/wp\/v2\/posts\/13916\/revisions"}],"predecessor-version":[{"id":13918,"href":"https:\/\/blogdorogeriogomes.com.br\/noticias\/wp-json\/wp\/v2\/posts\/13916\/revisions\/13918"}],"wp:attachment":[{"href":"https:\/\/blogdorogeriogomes.com.br\/noticias\/wp-json\/wp\/v2\/media?parent=13916"}],"wp:term":[{"taxonomy":"category","embeddable":true,"href":"https:\/\/blogdorogeriogomes.com.br\/noticias\/wp-json\/wp\/v2\/categories?post=13916"},{"taxonomy":"post_tag","embeddable":true,"href":"https:\/\/blogdorogeriogomes.com.br\/noticias\/wp-json\/wp\/v2\/tags?post=13916"}],"curies":[{"name":"wp","href":"https:\/\/api.w.org\/{rel}","templated":true}]}}