{"id":13923,"date":"2019-09-13T20:31:36","date_gmt":"2019-09-13T20:31:36","guid":{"rendered":"http:\/\/blogdorogeriogomes.com.br\/?p=13923"},"modified":"2019-09-13T20:31:36","modified_gmt":"2019-09-13T20:31:36","slug":"seminario-de-gestao-municipal-promovido-pelo-tce-faz-reconhecimento-a-prefeituras-com-boa-pratica-administrativa","status":"publish","type":"post","link":"https:\/\/blogdorogeriogomes.com.br\/noticias\/2019\/09\/seminario-de-gestao-municipal-promovido-pelo-tce-faz-reconhecimento-a-prefeituras-com-boa-pratica-administrativa\/","title":{"rendered":"Semin\u00e1rio de Gest\u00e3o Municipal promovido pelo TCE faz reconhecimento a prefeituras com boa pr\u00e1tica administrativa"},"content":{"rendered":"<p><img loading=\"lazy\" decoding=\"async\" class=\"alignnone size-medium wp-image-13924\" src=\"http:\/\/blogdorogeriogomes.com.br\/wp-content\/uploads\/2019\/09\/IMG_20190913_172842_521-300x220.jpg\" alt=\"IMG_20190913_172842_521\" width=\"300\" height=\"220\" srcset=\"https:\/\/blogdorogeriogomes.com.br\/noticias\/wp-content\/uploads\/2019\/09\/IMG_20190913_172842_521-300x220.jpg 300w, https:\/\/blogdorogeriogomes.com.br\/noticias\/wp-content\/uploads\/2019\/09\/IMG_20190913_172842_521-768x563.jpg 768w, https:\/\/blogdorogeriogomes.com.br\/noticias\/wp-content\/uploads\/2019\/09\/IMG_20190913_172842_521-1024x750.jpg 1024w, https:\/\/blogdorogeriogomes.com.br\/noticias\/wp-content\/uploads\/2019\/09\/IMG_20190913_172842_521.jpg 1115w\" sizes=\"auto, (max-width: 300px) 100vw, 300px\" \/><\/p>\n<p>O I Semin\u00e1rio sobre Efetividade da Gest\u00e3o Municipal e Cidades Inteligentes, realizado pelo Tribunal de Contas do Estado (TCE) reuniu prefeitos e prestou reconhecimento a gestores com destaque na boa pr\u00e1tica administrativa.<br \/>\nO evento aconteceu na Assembleia Legislativa e discutiu a ades\u00e3o dos munic\u00edpios, com base no \u00cdndice de Efetividade da Gest\u00e3o Municipal, constru\u00eddo pela Ger\u00eancia de Avalia\u00e7\u00e3o de Pol\u00edticas P\u00fablicas do TCE, a partir de crit\u00e9rios estabelecidos pelo Instituto Rui Barbosa. \u201cOs crit\u00e9rios s\u00e3o nacionais e envolvem sete dimens\u00f5es: sa\u00fade, educa\u00e7\u00e3o, planejamento, gest\u00e3o fiscal, meio ambiente, cidades protegidas e governan\u00e7a de tecnologia da informa\u00e7\u00e3o. E o objetivo deste evento \u00e9 a gente reconhecer os melhores e, principalmente, disseminar as boas pr\u00e1ticas\u201d, explicou Edilberto Pontes, presidente do TCE.<br \/>\nForam entregues certificados aos gestores que se destacaram em diversas \u00e1reas, segundo os resultados do \u00edndice de efetividade. O prefeito Ivo Gomes, de Sobral, foi destaque na \u00e1rea de educa\u00e7\u00e3o. Ramilson Ara\u00fajo, de Aiuaba, teve o reconhecimento em gest\u00e3o financeira. Os resultados na \u00e1rea de sa\u00fade renderam o certificado a Ednaldo Lavor, de Iguatu. Roberto Cl\u00e1udio, de Fortaleza, se destacou na \u00e1rea do planejamento.<\/p>\n","protected":false},"excerpt":{"rendered":"<p>O I Semin\u00e1rio sobre Efetividade da Gest\u00e3o Municipal e Cidades Inteligentes, realizado pelo Tribunal de Contas do Estado (TCE) reuniu prefeitos e prestou reconhecimento a gestores com destaque na boa pr\u00e1tica administrativa. O evento aconteceu na Assembleia Legislativa e discutiu a ades\u00e3o dos munic\u00edpios, com base no \u00cdndice de Efetividade da Gest\u00e3o Municipal, constru\u00eddo pela Ger\u00eancia de Avalia\u00e7\u00e3o de Pol\u00edticas P\u00fablicas do TCE, a partir de crit\u00e9rios estabelecidos pelo Instituto Rui Barbosa. \u201cOs crit\u00e9rios s\u00e3o nacionais e envolvem sete&hellip;<\/p>\n","protected":false},"author":1,"featured_media":0,"comment_status":"open","ping_status":"open","sticky":false,"template":"","format":"standard","meta":{"footnotes":""},"categories":[1],"tags":[],"class_list":["post-13923","post","type-post","status-publish","format-standard","hentry","category-noticias"],"_links":{"self":[{"href":"https:\/\/blogdorogeriogomes.com.br\/noticias\/wp-json\/wp\/v2\/posts\/13923","targetHints":{"allow":["GET"]}}],"collection":[{"href":"https:\/\/blogdorogeriogomes.com.br\/noticias\/wp-json\/wp\/v2\/posts"}],"about":[{"href":"https:\/\/blogdorogeriogomes.com.br\/noticias\/wp-json\/wp\/v2\/types\/post"}],"author":[{"embeddable":true,"href":"https:\/\/blogdorogeriogomes.com.br\/noticias\/wp-json\/wp\/v2\/users\/1"}],"replies":[{"embeddable":true,"href":"https:\/\/blogdorogeriogomes.com.br\/noticias\/wp-json\/wp\/v2\/comments?post=13923"}],"version-history":[{"count":1,"href":"https:\/\/blogdorogeriogomes.com.br\/noticias\/wp-json\/wp\/v2\/posts\/13923\/revisions"}],"predecessor-version":[{"id":13925,"href":"https:\/\/blogdorogeriogomes.com.br\/noticias\/wp-json\/wp\/v2\/posts\/13923\/revisions\/13925"}],"wp:attachment":[{"href":"https:\/\/blogdorogeriogomes.com.br\/noticias\/wp-json\/wp\/v2\/media?parent=13923"}],"wp:term":[{"taxonomy":"category","embeddable":true,"href":"https:\/\/blogdorogeriogomes.com.br\/noticias\/wp-json\/wp\/v2\/categories?post=13923"},{"taxonomy":"post_tag","embeddable":true,"href":"https:\/\/blogdorogeriogomes.com.br\/noticias\/wp-json\/wp\/v2\/tags?post=13923"}],"curies":[{"name":"wp","href":"https:\/\/api.w.org\/{rel}","templated":true}]}}