{"id":13926,"date":"2019-09-15T11:59:21","date_gmt":"2019-09-15T11:59:21","guid":{"rendered":"http:\/\/blogdorogeriogomes.com.br\/?p=13926"},"modified":"2019-09-15T11:59:21","modified_gmt":"2019-09-15T11:59:21","slug":"oposicao-pressiona-maia-para-instalar-cpi-que-investigara-excessos-da-lava-jato","status":"publish","type":"post","link":"https:\/\/blogdorogeriogomes.com.br\/noticias\/2019\/09\/oposicao-pressiona-maia-para-instalar-cpi-que-investigara-excessos-da-lava-jato\/","title":{"rendered":"Oposi\u00e7\u00e3o pressiona Maia para instalar CPI que investigar\u00e1 &#8220;excessos&#8221; da Lava Jato"},"content":{"rendered":"<p><img loading=\"lazy\" decoding=\"async\" class=\"alignnone size-medium wp-image-13927\" src=\"http:\/\/blogdorogeriogomes.com.br\/wp-content\/uploads\/2019\/09\/IMG_20190915_085442_071-300x275.jpg\" alt=\"IMG_20190915_085442_071\" width=\"300\" height=\"275\" srcset=\"https:\/\/blogdorogeriogomes.com.br\/noticias\/wp-content\/uploads\/2019\/09\/IMG_20190915_085442_071-300x275.jpg 300w, https:\/\/blogdorogeriogomes.com.br\/noticias\/wp-content\/uploads\/2019\/09\/IMG_20190915_085442_071.jpg 727w\" sizes=\"auto, (max-width: 300px) 100vw, 300px\" \/><\/p>\n<p>A oposi\u00e7\u00e3o ao Governo na C\u00e2mara dos Deputados centra for\u00e7as na instala\u00e7\u00e3o de uma Comiss\u00e3o Parlamentar de Inqu\u00e9rito (CPI), na C\u00e2mara dos Deputados para investigar a Opera\u00e7\u00e3o Lava Jato. Quer investigar a viola\u00e7\u00e3o dos princ\u00edpios constitucionais e do Estado Democr\u00e1tico de Direito, em raz\u00e3o da suposta articula\u00e7\u00e3o entre os membros da Procuradoria da Rep\u00fablica no Paran\u00e1 e o ent\u00e3o Juiz Sergio Moro da 13\u00aa Vara Federal de Curitiba. Caber\u00e1 ao presidente da Casa, Rodrigo Maia (DEM-RJ), instalar a comiss\u00e3o.<br \/>\nDos 22 deputados federais cearenses, 13 assinaram o pedido de abertura da CPI. No total, 175 deputados assinalaram o documento, quando eram necess\u00e1rias, no m\u00ednimo, 171 assinaturas. O deputado federal Andr\u00e9 Figueiredo (PDT) \u00e9 um dos autores do requerimento da CPI.<br \/>\nAl\u00e9m dele, tamb\u00e9m assinaram o pedido de investiga\u00e7\u00e3o os deputados federais cearenses An\u00edbal Gomes (DEM), Denis Bezerra (PSB), Domingos Neto (PSD), Eduardo Bismarck (PDT), Idilvan Alencar (PDT), Jos\u00e9 Airton (PT), Jos\u00e9 Guimar\u00e3es (PT), J\u00fanior Mano (PL), Le\u00f4nidas Cristino (PDT), Luizianne Lins (PT), Moses Rodrigues (MDB) e Rob\u00e9rio Monteiro (PDT).<\/p>\n","protected":false},"excerpt":{"rendered":"<p>A oposi\u00e7\u00e3o ao Governo na C\u00e2mara dos Deputados centra for\u00e7as na instala\u00e7\u00e3o de uma Comiss\u00e3o Parlamentar de Inqu\u00e9rito (CPI), na C\u00e2mara dos Deputados para investigar a Opera\u00e7\u00e3o Lava Jato. Quer investigar a viola\u00e7\u00e3o dos princ\u00edpios constitucionais e do Estado Democr\u00e1tico de Direito, em raz\u00e3o da suposta articula\u00e7\u00e3o entre os membros da Procuradoria da Rep\u00fablica no Paran\u00e1 e o ent\u00e3o Juiz Sergio Moro da 13\u00aa Vara Federal de Curitiba. Caber\u00e1 ao presidente da Casa, Rodrigo Maia (DEM-RJ), instalar a comiss\u00e3o.&hellip;<\/p>\n","protected":false},"author":1,"featured_media":0,"comment_status":"open","ping_status":"open","sticky":false,"template":"","format":"standard","meta":{"footnotes":""},"categories":[1],"tags":[],"class_list":["post-13926","post","type-post","status-publish","format-standard","hentry","category-noticias"],"_links":{"self":[{"href":"https:\/\/blogdorogeriogomes.com.br\/noticias\/wp-json\/wp\/v2\/posts\/13926","targetHints":{"allow":["GET"]}}],"collection":[{"href":"https:\/\/blogdorogeriogomes.com.br\/noticias\/wp-json\/wp\/v2\/posts"}],"about":[{"href":"https:\/\/blogdorogeriogomes.com.br\/noticias\/wp-json\/wp\/v2\/types\/post"}],"author":[{"embeddable":true,"href":"https:\/\/blogdorogeriogomes.com.br\/noticias\/wp-json\/wp\/v2\/users\/1"}],"replies":[{"embeddable":true,"href":"https:\/\/blogdorogeriogomes.com.br\/noticias\/wp-json\/wp\/v2\/comments?post=13926"}],"version-history":[{"count":1,"href":"https:\/\/blogdorogeriogomes.com.br\/noticias\/wp-json\/wp\/v2\/posts\/13926\/revisions"}],"predecessor-version":[{"id":13928,"href":"https:\/\/blogdorogeriogomes.com.br\/noticias\/wp-json\/wp\/v2\/posts\/13926\/revisions\/13928"}],"wp:attachment":[{"href":"https:\/\/blogdorogeriogomes.com.br\/noticias\/wp-json\/wp\/v2\/media?parent=13926"}],"wp:term":[{"taxonomy":"category","embeddable":true,"href":"https:\/\/blogdorogeriogomes.com.br\/noticias\/wp-json\/wp\/v2\/categories?post=13926"},{"taxonomy":"post_tag","embeddable":true,"href":"https:\/\/blogdorogeriogomes.com.br\/noticias\/wp-json\/wp\/v2\/tags?post=13926"}],"curies":[{"name":"wp","href":"https:\/\/api.w.org\/{rel}","templated":true}]}}