{"id":13929,"date":"2019-09-15T12:23:32","date_gmt":"2019-09-15T12:23:32","guid":{"rendered":"http:\/\/blogdorogeriogomes.com.br\/?p=13929"},"modified":"2019-09-15T12:23:32","modified_gmt":"2019-09-15T12:23:32","slug":"gilmar-mendes-preve-que-pedido-de-suspeicao-de-moro-no-julgamento-de-lula-deve-ser-julgado-entre-outubro-e-novembro","status":"publish","type":"post","link":"https:\/\/blogdorogeriogomes.com.br\/noticias\/2019\/09\/gilmar-mendes-preve-que-pedido-de-suspeicao-de-moro-no-julgamento-de-lula-deve-ser-julgado-entre-outubro-e-novembro\/","title":{"rendered":"Gilmar Mendes prev\u00ea que pedido de suspei\u00e7\u00e3o de Moro no julgamento de Lula deve ser julgado entre outubro e novembro"},"content":{"rendered":"<p><img loading=\"lazy\" decoding=\"async\" class=\"alignnone size-medium wp-image-13930\" src=\"http:\/\/blogdorogeriogomes.com.br\/wp-content\/uploads\/2019\/09\/IMG_20190915_092001_176-300x217.jpg\" alt=\"IMG_20190915_092001_176\" width=\"300\" height=\"217\" srcset=\"https:\/\/blogdorogeriogomes.com.br\/noticias\/wp-content\/uploads\/2019\/09\/IMG_20190915_092001_176-300x217.jpg 300w, https:\/\/blogdorogeriogomes.com.br\/noticias\/wp-content\/uploads\/2019\/09\/IMG_20190915_092001_176.jpg 620w\" sizes=\"auto, (max-width: 300px) 100vw, 300px\" \/><\/p>\n<p>Em entrevista exclusiva \u00e0 Folha de S. Paulo e ao Portal UOL, o ministro do Supremo Tribunal Federal, Gilmar Mendes, confirma que, entre outubro e novembro, o STF deve colocar em pauta o pedido de habeas corpus questionando a imparcialidade do ex-juiz Sergio Moro, hoje ministro da Justi\u00e7a, respons\u00e1vel pela condena\u00e7\u00e3o do ex-presidente Lula. O processo ser\u00e1 julgado pela Segunda Turma do STF.<br \/>\nAs mensagens divulgadas pelo site The Intercept Brasil desde junho ampliaram os questionamentos sobre a isen\u00e7\u00e3o de Moro ao julgar Lula. Cr\u00edtico dos m\u00e9todos da Lava Jato, Gilmar afirmou que \u00e9 preciso n\u00e3o retirar os m\u00e9ritos da opera\u00e7\u00e3o, mas defendeu &#8220;combater o crime n\u00e3o se cometendo novos crimes&#8221;.<br \/>\n&#8220;N\u00f3s aprendemos, vendo esse submundo, o que \u00e9 que eles faziam. Dela\u00e7\u00f5es submetidas a conting\u00eancia, ironizavam as pessoas, perseguiam os familiares para obter o resultado em rela\u00e7\u00e3o ao verdadeiro investigado, tudo isso que nada tem a ver com o Estado de Direito. Vamos imaginar que essa gente estivesse no Poder Executivo, o que que eles fariam? Certamente fechariam o Congresso, fechariam o Supremo.&#8221;<\/p>\n","protected":false},"excerpt":{"rendered":"<p>Em entrevista exclusiva \u00e0 Folha de S. Paulo e ao Portal UOL, o ministro do Supremo Tribunal Federal, Gilmar Mendes, confirma que, entre outubro e novembro, o STF deve colocar em pauta o pedido de habeas corpus questionando a imparcialidade do ex-juiz Sergio Moro, hoje ministro da Justi\u00e7a, respons\u00e1vel pela condena\u00e7\u00e3o do ex-presidente Lula. O processo ser\u00e1 julgado pela Segunda Turma do STF. As mensagens divulgadas pelo site The Intercept Brasil desde junho ampliaram os questionamentos sobre a isen\u00e7\u00e3o&hellip;<\/p>\n","protected":false},"author":1,"featured_media":0,"comment_status":"open","ping_status":"open","sticky":false,"template":"","format":"standard","meta":{"footnotes":""},"categories":[1],"tags":[],"class_list":["post-13929","post","type-post","status-publish","format-standard","hentry","category-noticias"],"_links":{"self":[{"href":"https:\/\/blogdorogeriogomes.com.br\/noticias\/wp-json\/wp\/v2\/posts\/13929","targetHints":{"allow":["GET"]}}],"collection":[{"href":"https:\/\/blogdorogeriogomes.com.br\/noticias\/wp-json\/wp\/v2\/posts"}],"about":[{"href":"https:\/\/blogdorogeriogomes.com.br\/noticias\/wp-json\/wp\/v2\/types\/post"}],"author":[{"embeddable":true,"href":"https:\/\/blogdorogeriogomes.com.br\/noticias\/wp-json\/wp\/v2\/users\/1"}],"replies":[{"embeddable":true,"href":"https:\/\/blogdorogeriogomes.com.br\/noticias\/wp-json\/wp\/v2\/comments?post=13929"}],"version-history":[{"count":1,"href":"https:\/\/blogdorogeriogomes.com.br\/noticias\/wp-json\/wp\/v2\/posts\/13929\/revisions"}],"predecessor-version":[{"id":13931,"href":"https:\/\/blogdorogeriogomes.com.br\/noticias\/wp-json\/wp\/v2\/posts\/13929\/revisions\/13931"}],"wp:attachment":[{"href":"https:\/\/blogdorogeriogomes.com.br\/noticias\/wp-json\/wp\/v2\/media?parent=13929"}],"wp:term":[{"taxonomy":"category","embeddable":true,"href":"https:\/\/blogdorogeriogomes.com.br\/noticias\/wp-json\/wp\/v2\/categories?post=13929"},{"taxonomy":"post_tag","embeddable":true,"href":"https:\/\/blogdorogeriogomes.com.br\/noticias\/wp-json\/wp\/v2\/tags?post=13929"}],"curies":[{"name":"wp","href":"https:\/\/api.w.org\/{rel}","templated":true}]}}