{"id":13932,"date":"2019-09-16T08:57:34","date_gmt":"2019-09-16T08:57:34","guid":{"rendered":"http:\/\/blogdorogeriogomes.com.br\/?p=13932"},"modified":"2019-09-16T08:57:34","modified_gmt":"2019-09-16T08:57:34","slug":"prefeitura-de-fortaleza-entrega-o-64-ecoponto-da-capital-nesta-segunda-feira","status":"publish","type":"post","link":"https:\/\/blogdorogeriogomes.com.br\/noticias\/2019\/09\/prefeitura-de-fortaleza-entrega-o-64-ecoponto-da-capital-nesta-segunda-feira\/","title":{"rendered":"Prefeitura de Fortaleza entrega o 64\u00b0 Ecoponto da Capital nesta segunda-feira"},"content":{"rendered":"<p><img loading=\"lazy\" decoding=\"async\" class=\"alignnone size-medium wp-image-13933\" src=\"http:\/\/blogdorogeriogomes.com.br\/wp-content\/uploads\/2019\/09\/IMG_20190916_055345_515-300x229.jpg\" alt=\"IMG_20190916_055345_515\" width=\"300\" height=\"229\" srcset=\"https:\/\/blogdorogeriogomes.com.br\/noticias\/wp-content\/uploads\/2019\/09\/IMG_20190916_055345_515-300x229.jpg 300w, https:\/\/blogdorogeriogomes.com.br\/noticias\/wp-content\/uploads\/2019\/09\/IMG_20190916_055345_515-768x587.jpg 768w, https:\/\/blogdorogeriogomes.com.br\/noticias\/wp-content\/uploads\/2019\/09\/IMG_20190916_055345_515-1024x783.jpg 1024w\" sizes=\"auto, (max-width: 300px) 100vw, 300px\" \/><\/p>\n<p>A Prefeitura de Fortaleza entrega, nesta segunda-feira, dia 16 de setembro, o 64\u00ba Ecoponto de Fortaleza, implantado no bairro Passar\u00e9 (Regional VI). O novo equipamento oferece o benef\u00edcio do Recicla Fortaleza, que gera descontos na conta de energia \u00e0 popula\u00e7\u00e3o do bairro e adjac\u00eancias pela troca de res\u00edduos s\u00f3lidos recicl\u00e1veis. Com a inciativa, a gest\u00e3o municipal amplia o sistema de reciclagem, proporcionando um comportamento cada vez mais sustent\u00e1vel na Capital.<br \/>\nA Regional VI conta com outros ecopontos instalados tamb\u00e9m nos bairros Edson Queiroz, Cidade dos Funcion\u00e1rios, Jangurussu, Parque Dois Irm\u00e3os, Messejana, S\u00e3o Bento, Sapiranga, Dias Mac\u00eado, S\u00edtio S\u00e3o Jo\u00e3o, Paupina, Tancredo Neves, Aerol\u00e2ndia e Cajazeiras. At\u00e9 o final da gest\u00e3o do prefeito Roberto Cl\u00e1udio, a expectativa \u00e9 que Fortaleza conte com um Ecoponto em cada bairro.<\/p>\n","protected":false},"excerpt":{"rendered":"<p>A Prefeitura de Fortaleza entrega, nesta segunda-feira, dia 16 de setembro, o 64\u00ba Ecoponto de Fortaleza, implantado no bairro Passar\u00e9 (Regional VI). O novo equipamento oferece o benef\u00edcio do Recicla Fortaleza, que gera descontos na conta de energia \u00e0 popula\u00e7\u00e3o do bairro e adjac\u00eancias pela troca de res\u00edduos s\u00f3lidos recicl\u00e1veis. Com a inciativa, a gest\u00e3o municipal amplia o sistema de reciclagem, proporcionando um comportamento cada vez mais sustent\u00e1vel na Capital. A Regional VI conta com outros ecopontos instalados tamb\u00e9m&hellip;<\/p>\n","protected":false},"author":1,"featured_media":0,"comment_status":"open","ping_status":"open","sticky":false,"template":"","format":"standard","meta":{"footnotes":""},"categories":[1],"tags":[],"class_list":["post-13932","post","type-post","status-publish","format-standard","hentry","category-noticias"],"_links":{"self":[{"href":"https:\/\/blogdorogeriogomes.com.br\/noticias\/wp-json\/wp\/v2\/posts\/13932","targetHints":{"allow":["GET"]}}],"collection":[{"href":"https:\/\/blogdorogeriogomes.com.br\/noticias\/wp-json\/wp\/v2\/posts"}],"about":[{"href":"https:\/\/blogdorogeriogomes.com.br\/noticias\/wp-json\/wp\/v2\/types\/post"}],"author":[{"embeddable":true,"href":"https:\/\/blogdorogeriogomes.com.br\/noticias\/wp-json\/wp\/v2\/users\/1"}],"replies":[{"embeddable":true,"href":"https:\/\/blogdorogeriogomes.com.br\/noticias\/wp-json\/wp\/v2\/comments?post=13932"}],"version-history":[{"count":1,"href":"https:\/\/blogdorogeriogomes.com.br\/noticias\/wp-json\/wp\/v2\/posts\/13932\/revisions"}],"predecessor-version":[{"id":13934,"href":"https:\/\/blogdorogeriogomes.com.br\/noticias\/wp-json\/wp\/v2\/posts\/13932\/revisions\/13934"}],"wp:attachment":[{"href":"https:\/\/blogdorogeriogomes.com.br\/noticias\/wp-json\/wp\/v2\/media?parent=13932"}],"wp:term":[{"taxonomy":"category","embeddable":true,"href":"https:\/\/blogdorogeriogomes.com.br\/noticias\/wp-json\/wp\/v2\/categories?post=13932"},{"taxonomy":"post_tag","embeddable":true,"href":"https:\/\/blogdorogeriogomes.com.br\/noticias\/wp-json\/wp\/v2\/tags?post=13932"}],"curies":[{"name":"wp","href":"https:\/\/api.w.org\/{rel}","templated":true}]}}