{"id":13935,"date":"2019-09-16T09:15:23","date_gmt":"2019-09-16T09:15:23","guid":{"rendered":"http:\/\/blogdorogeriogomes.com.br\/?p=13935"},"modified":"2019-09-16T09:15:23","modified_gmt":"2019-09-16T09:15:23","slug":"interior-do-ceara-registra-varios-focos-de-incendio-provocados-por-queimadas-e-clima-seco","status":"publish","type":"post","link":"https:\/\/blogdorogeriogomes.com.br\/noticias\/2019\/09\/interior-do-ceara-registra-varios-focos-de-incendio-provocados-por-queimadas-e-clima-seco\/","title":{"rendered":"Interior do Cear\u00e1 registra v\u00e1rios focos de inc\u00eandio provocados por queimadas e clima seco"},"content":{"rendered":"<p><img loading=\"lazy\" decoding=\"async\" class=\"alignnone size-medium wp-image-13936\" src=\"http:\/\/blogdorogeriogomes.com.br\/wp-content\/uploads\/2019\/09\/IMG_20190916_061151_114-300x202.jpg\" alt=\"IMG_20190916_061151_114\" width=\"300\" height=\"202\" srcset=\"https:\/\/blogdorogeriogomes.com.br\/noticias\/wp-content\/uploads\/2019\/09\/IMG_20190916_061151_114-300x202.jpg 300w, https:\/\/blogdorogeriogomes.com.br\/noticias\/wp-content\/uploads\/2019\/09\/IMG_20190916_061151_114.jpg 615w\" sizes=\"auto, (max-width: 300px) 100vw, 300px\" \/><\/p>\n<p>Inc\u00eandios provocados por queimadas e pelo clima seco que favorece a prolifera\u00e7\u00e3o do fogo atingem v\u00e1rios munic\u00edpios do interior do Cear\u00e1. Durante o fim de semana foram registrados focos de inc\u00eandio em Ic\u00f3, Cedro, Farias Brito, entre outras cidades cearenses.<br \/>\nMas o que mais preocupa \u00e9 o inc\u00eandio que atinge uma \u00e1rea na divisa entre Cear\u00e1 e o Piau\u00ed, no limite entre os munic\u00edpios de Parambu (CE) e Pimenteiras (PI), que est\u00e1 sendo combatido pelos bombeiros desde o \u00faltimo s\u00e1bado, dia 14 de setembro.<br \/>\nAs chamas est\u00e3o atingindo propriedades particulares de ambos os estados. De acordo com o Corpo de Bombeiros do Cear\u00e1, uma opera\u00e7\u00e3o conjunta entre equipes das corpora\u00e7\u00f5es Tau\u00e1 (CE) e Picos (PI) contiveram os primeiros focos de inc\u00eandio.<\/p>\n","protected":false},"excerpt":{"rendered":"<p>Inc\u00eandios provocados por queimadas e pelo clima seco que favorece a prolifera\u00e7\u00e3o do fogo atingem v\u00e1rios munic\u00edpios do interior do Cear\u00e1. Durante o fim de semana foram registrados focos de inc\u00eandio em Ic\u00f3, Cedro, Farias Brito, entre outras cidades cearenses. Mas o que mais preocupa \u00e9 o inc\u00eandio que atinge uma \u00e1rea na divisa entre Cear\u00e1 e o Piau\u00ed, no limite entre os munic\u00edpios de Parambu (CE) e Pimenteiras (PI), que est\u00e1 sendo combatido pelos bombeiros desde o \u00faltimo&hellip;<\/p>\n","protected":false},"author":1,"featured_media":0,"comment_status":"open","ping_status":"open","sticky":false,"template":"","format":"standard","meta":{"footnotes":""},"categories":[1],"tags":[],"class_list":["post-13935","post","type-post","status-publish","format-standard","hentry","category-noticias"],"_links":{"self":[{"href":"https:\/\/blogdorogeriogomes.com.br\/noticias\/wp-json\/wp\/v2\/posts\/13935","targetHints":{"allow":["GET"]}}],"collection":[{"href":"https:\/\/blogdorogeriogomes.com.br\/noticias\/wp-json\/wp\/v2\/posts"}],"about":[{"href":"https:\/\/blogdorogeriogomes.com.br\/noticias\/wp-json\/wp\/v2\/types\/post"}],"author":[{"embeddable":true,"href":"https:\/\/blogdorogeriogomes.com.br\/noticias\/wp-json\/wp\/v2\/users\/1"}],"replies":[{"embeddable":true,"href":"https:\/\/blogdorogeriogomes.com.br\/noticias\/wp-json\/wp\/v2\/comments?post=13935"}],"version-history":[{"count":1,"href":"https:\/\/blogdorogeriogomes.com.br\/noticias\/wp-json\/wp\/v2\/posts\/13935\/revisions"}],"predecessor-version":[{"id":13937,"href":"https:\/\/blogdorogeriogomes.com.br\/noticias\/wp-json\/wp\/v2\/posts\/13935\/revisions\/13937"}],"wp:attachment":[{"href":"https:\/\/blogdorogeriogomes.com.br\/noticias\/wp-json\/wp\/v2\/media?parent=13935"}],"wp:term":[{"taxonomy":"category","embeddable":true,"href":"https:\/\/blogdorogeriogomes.com.br\/noticias\/wp-json\/wp\/v2\/categories?post=13935"},{"taxonomy":"post_tag","embeddable":true,"href":"https:\/\/blogdorogeriogomes.com.br\/noticias\/wp-json\/wp\/v2\/tags?post=13935"}],"curies":[{"name":"wp","href":"https:\/\/api.w.org\/{rel}","templated":true}]}}